{"id":297715,"date":"2021-09-21T10:18:59","date_gmt":"2021-09-21T08:18:59","guid":{"rendered":"https:\/\/www.radioluna.it\/news\/?p=297715"},"modified":"2021-09-21T10:18:59","modified_gmt":"2021-09-21T08:18:59","slug":"il-candidato-di-borgo-san-michele-alessio-pagliari-lancia-la-sua-idea-per-un-nuovo-quoziente-familiare","status":"publish","type":"post","link":"https:\/\/www.radioluna.it\/news\/2021\/09\/il-candidato-di-borgo-san-michele-alessio-pagliari-lancia-la-sua-idea-per-un-nuovo-quoziente-familiare\/","title":{"rendered":"Il candidato di Borgo San Michele Alessio Pagliari lancia la sua idea per un nuovo quoziente familiare"},"content":{"rendered":"<div id=\"fb-root\"><\/div>\n<p style=\"text-align: justify;\"><strong>LATINA-<\/strong> Non occorre attendere che si muova il Governo centrale: per favorire le famiglie numerose o agevolare quelle che si prendano cura di uno o pi\u00f9 soggetti fragili o disabili, basterebbe anche un serio ma decisivo intervento della giunta Comunale.<\/p>\n<p style=\"text-align: justify;\">Ne \u00e8 convinto Alessio Pagliari, candidato al prossimo consiglio comunale nella lista Latina Nel Cuore per Vincenzo Zaccheo Sindaco.<\/p>\n<p style=\"text-align: justify;\">\u201cLa mia intenzione \u00e8 quella di chiedere, una volta entrato in Consiglio Comunale, l\u2019introduzione di un quoziente familiare secondo il quale i carichi impositivi e tariffari per le famiglie, per ci\u00f2 che concerne le tasse e le imposte comunali, siano ripartiti non solo per classi di reddito ma anche tra nuclei familiari con pi\u00f9 figli o con soggetti, anche anziani, in condizioni di disabilit\u00e0\u201d.<\/p>\n<p style=\"text-align: justify;\">\u201cD\u2019altronde \u2013 conclude Pagliari \u2013 in ambito comunale i tributi sono diversi, dall\u2019addizionale IRPEF, all\u2019IMU e alla TARI. E\u2019 giusto che queste siano modulate ed \u00e8 sacrosanto che l\u2019amministrazione agevoli quelle coppie che decidano di avere figli ma anche tutte quelle famiglie che dedicano tempo e denaro per l\u2019accudimento di persone con disabilit\u00e0, troppo spesso lasciate indietro da una societ\u00e0 che a parole si definisce inclusiva ed accogliente ma nei fatti lo \u00e8 molto meno soprattutto con i propri concittadini\u201d.<\/p>\n","protected":false},"excerpt":{"rendered":"<p>LATINA- Non occorre attendere che si muova il Governo centrale: per favorire le famiglie numerose o agevolare quelle che si prendano cura di uno o pi\u00f9 soggetti fragili o disabili, basterebbe anche un serio ma decisivo intervento della giunta Comunale. Ne \u00e8 convinto Alessio Pagliari, candidato al prossimo consiglio comunale nella lista Latina Nel Cuore [&hellip;]<\/p>\n","protected":false},"author":60,"featured_media":0,"comment_status":"open","ping_status":"open","sticky":false,"template":"","format":"standard","meta":{"footnotes":""},"categories":[8],"tags":[],"class_list":["post-297715","post","type-post","status-publish","format-standard","hentry","category-politica"],"_links":{"self":[{"href":"https:\/\/www.radioluna.it\/news\/wp-json\/wp\/v2\/posts\/297715","targetHints":{"allow":["GET"]}}],"collection":[{"href":"https:\/\/www.radioluna.it\/news\/wp-json\/wp\/v2\/posts"}],"about":[{"href":"https:\/\/www.radioluna.it\/news\/wp-json\/wp\/v2\/types\/post"}],"author":[{"embeddable":true,"href":"https:\/\/www.radioluna.it\/news\/wp-json\/wp\/v2\/users\/60"}],"replies":[{"embeddable":true,"href":"https:\/\/www.radioluna.it\/news\/wp-json\/wp\/v2\/comments?post=297715"}],"version-history":[{"count":0,"href":"https:\/\/www.radioluna.it\/news\/wp-json\/wp\/v2\/posts\/297715\/revisions"}],"wp:attachment":[{"href":"https:\/\/www.radioluna.it\/news\/wp-json\/wp\/v2\/media?parent=297715"}],"wp:term":[{"taxonomy":"category","embeddable":true,"href":"https:\/\/www.radioluna.it\/news\/wp-json\/wp\/v2\/categories?post=297715"},{"taxonomy":"post_tag","embeddable":true,"href":"https:\/\/www.radioluna.it\/news\/wp-json\/wp\/v2\/tags?post=297715"}],"curies":[{"name":"wp","href":"https:\/\/api.w.org\/{rel}","templated":true}]}}