{"id":297725,"date":"2021-09-21T13:49:52","date_gmt":"2021-09-21T11:49:52","guid":{"rendered":"https:\/\/www.radioluna.it\/news\/?p=297725"},"modified":"2021-09-21T13:49:52","modified_gmt":"2021-09-21T11:49:52","slug":"terracina-tutto-pronto-per-la-47-pedagnalonga-di-borgo-hermada","status":"publish","type":"post","link":"https:\/\/www.radioluna.it\/news\/2021\/09\/terracina-tutto-pronto-per-la-47-pedagnalonga-di-borgo-hermada\/","title":{"rendered":"Terracina, tutto pronto per la 47\u00b0 Pedagnalonga di Borgo Hermada"},"content":{"rendered":"<div id=\"fb-root\"><\/div>\n<p style=\"text-align: justify;\"><strong>TERRACINA &#8211; <\/strong>\u00a0&#8211; Mancano pochi giorni all\u2019edizione numero 47 della Pedagnalonga, la storica manifestazione che il 26 settembre colorer\u00e0 le campagne di Borgo Hermada, alle porte di Terracina. Nonostante la partecipazione di quest\u2019anno sia limitata a un numero molto ridotto di partecipanti, l\u2019adesione alla passeggiata naturalistica non competitiva e alla corsa podistica di 21 km \u00e8 stata molto positiva. Gli organizzatori, da sempre attenti alla sicurezza e orientati a far vivere ai partecipanti un\u2019esperienza gradevole, in questa edizione hanno dovuto adeguare l\u2019evento alle direttive previste e pertanto per vivere questa Pedagnalonga sar\u00e0 necessario esibire la certificazione sanitaria prevista dalle autorit\u00e0.<\/p>\n<p style=\"text-align: justify;\">\u00abSiamo convinti che i partecipanti potranno vivere con serenit\u00e0 quella che noi tutti consideriamo la Pedagnalonga della ripartenza e la grande risposta di partecipanti conforta le nostre aspettative e gi\u00e0 ripaga i grandi sforzi organizzativi che abbiamo fatto e che stiamo facendo per la buona riuscita &#8211; spiega Pasqualino Sicignano, presidente dell\u2019associazione Pedagnalonga &#8211; il consiglio che posso dare a tutti \u00e8 quello di vivere questo appuntamento come se fosse una prima volta, abbiamo dovuto in parte limitare i ristori e prevedere, nei punti di accesso alla distribuzione alimentare, l\u2019invito a indossare la mascherina per il periodo necessario al passaggio sui punti di ristoro. Ci teniamo a ringraziare tutti quelli che hanno sostenuto l\u2019iniziativa, sia a livello morale sia a livello economico, un ringraziamento va anche alle forze dell\u2019ordine, a tutti i volontari che hanno messo a disposizione le proprie competenze e il proprio tempo, ai proprietari dei fondi agricoli che hanno permesso con gioia il passaggio del serpentone colorato sui propri terreni e, pi\u00f9 in generale, un enorme grazie a tutto il nostro territorio che ci ha sempre incoraggiato e spinto a continuare questa incredibile tradizione che la Pedagnalonga rappresenta da ormai quasi mezzo secolo\u00bb.<\/p>\n<p style=\"text-align: justify;\">La disponibilit\u00e0 dei biglietti per la passeggiata non competitiva \u00e8 in esaurimento: la vendita online \u00e8 gi\u00e0 chiusa, cos\u00ec come \u00e8 chiusa la rivendita di Anzio, mentre restano ancora pochi biglietti nei punti vendita di Terracina e di Borgo Hermada.<\/p>\n<p style=\"text-align: justify;\">Per quanto riguarda la corsa podistica di 21 km c\u2019\u00e8 ancora la possibilit\u00e0 di iscriversi visto che gli organizzatori hanno ritenuto di concedere una settimana supplementare per completare le iscrizioni visto che pi\u00f9 di qualche partecipante aveva richiesto tempo per completare le visite mediche. \u00abIl certificato medico \u00e8 fondamentale, si tratta di uno strumento importantissimo per la tutela della salute degli atleti e per questo abbiamo scelto con piacere di venire incontro alle esigenze dei partecipanti che, dopo la sosta imposta dal Covid, non avevano ancora completato i controlli medici\u00bb ha aggiunto Sicignano. Le informazioni per le iscrizioni sono presenti sul sito internet www.pedagnalonga.it (sezione iscrizioni), inoltre la partenza della corsa podistica di 21 km \u00e8 in programma alle 9:30 di domenica, quella della passeggiata, che sar\u00e0 scaglionata per permettere ai partecipanti di defluire in maniera distanziata, verr\u00e0 data alle 10:00. Sui canali social ufficiali della Pedagnalonga verranno date informazioni, anche in tempo reale, per i partecipanti oltre all\u2019indicazione costantemente aggiornata della disponibilit\u00e0 di iscrizioni.<\/p>\n<div class=\"radio-posizionamento-telefono-in-articoli-dopo-il-contenuto-articolo radio-entity-placement\" id=\"radio-1353918960\"><div id=\"radio-2499648428\"><a href=\"https:\/\/grupporedi.it\/\" aria-label=\"Redi-Qr\"><img loading=\"lazy\" decoding=\"async\" src=\"https:\/\/www.radioluna.it\/news\/wp-content\/uploads\/2026\/03\/Redi-Qr.jpg\" alt=\"\"  srcset=\"https:\/\/www.radioluna.it\/news\/wp-content\/uploads\/2026\/03\/Redi-Qr.jpg 800w, https:\/\/www.radioluna.it\/news\/wp-content\/uploads\/2026\/03\/Redi-Qr-768x639.jpg 768w\" sizes=\"(max-width: 800px) 100vw, 800px\" width=\"300\" height=\"250\"   \/><\/a><\/div><\/div>","protected":false},"excerpt":{"rendered":"<p>TERRACINA &#8211; \u00a0&#8211; Mancano pochi giorni all\u2019edizione numero 47 della Pedagnalonga, la storica manifestazione che il 26 settembre colorer\u00e0 le campagne di Borgo Hermada, alle porte di Terracina. Nonostante la partecipazione di quest\u2019anno sia limitata a un numero molto ridotto di partecipanti, l\u2019adesione alla passeggiata naturalistica non competitiva e alla corsa podistica di 21 km [&hellip;]<\/p>\n","protected":false},"author":5430,"featured_media":297726,"comment_status":"open","ping_status":"open","sticky":false,"template":"","format":"standard","meta":{"footnotes":""},"categories":[17],"tags":[],"class_list":["post-297725","post","type-post","status-publish","format-standard","has-post-thumbnail","hentry","category-sport"],"_links":{"self":[{"href":"https:\/\/www.radioluna.it\/news\/wp-json\/wp\/v2\/posts\/297725","targetHints":{"allow":["GET"]}}],"collection":[{"href":"https:\/\/www.radioluna.it\/news\/wp-json\/wp\/v2\/posts"}],"about":[{"href":"https:\/\/www.radioluna.it\/news\/wp-json\/wp\/v2\/types\/post"}],"author":[{"embeddable":true,"href":"https:\/\/www.radioluna.it\/news\/wp-json\/wp\/v2\/users\/5430"}],"replies":[{"embeddable":true,"href":"https:\/\/www.radioluna.it\/news\/wp-json\/wp\/v2\/comments?post=297725"}],"version-history":[{"count":0,"href":"https:\/\/www.radioluna.it\/news\/wp-json\/wp\/v2\/posts\/297725\/revisions"}],"wp:featuredmedia":[{"embeddable":true,"href":"https:\/\/www.radioluna.it\/news\/wp-json\/wp\/v2\/media\/297726"}],"wp:attachment":[{"href":"https:\/\/www.radioluna.it\/news\/wp-json\/wp\/v2\/media?parent=297725"}],"wp:term":[{"taxonomy":"category","embeddable":true,"href":"https:\/\/www.radioluna.it\/news\/wp-json\/wp\/v2\/categories?post=297725"},{"taxonomy":"post_tag","embeddable":true,"href":"https:\/\/www.radioluna.it\/news\/wp-json\/wp\/v2\/tags?post=297725"}],"curies":[{"name":"wp","href":"https:\/\/api.w.org\/{rel}","templated":true}]}}