{"id":297768,"date":"2021-09-22T09:20:46","date_gmt":"2021-09-22T07:20:46","guid":{"rendered":"https:\/\/www.radioluna.it\/news\/?p=297768"},"modified":"2021-09-23T08:55:16","modified_gmt":"2021-09-23T06:55:16","slug":"latina-la-cittadella-giudiziaria-ereditata-incompiuta-oggi-inserita-nel-pnrr","status":"publish","type":"post","link":"https:\/\/www.radioluna.it\/news\/2021\/09\/latina-la-cittadella-giudiziaria-ereditata-incompiuta-oggi-inserita-nel-pnrr\/","title":{"rendered":"Latina, la Cittadella Giudiziaria ereditata incompiuta, oggi inserita nel Pnrr"},"content":{"rendered":"<div id=\"fb-root\"><\/div>\n<p style=\"text-align: justify;\"><strong>LATINA &#8211;<\/strong> Lo ha fatto alcuni giorni fa con un post su Facebook per ripercorrere la storia del<a href=\"http:\/\/&lt;iframe src=&quot;https:\/\/www.facebook.com\/plugins\/post.php?href=https%3A%2F%2Fwww.facebook.com%2Femilio.ranieri.3%2Fposts%2F10158745281133759&amp;show_text=true&amp;width=500&quot; width=&quot;500&quot; height=&quot;778&quot; style=&quot;border:none;overflow:hidden&quot; scrolling=&quot;no&quot; frameborder=&quot;0&quot; allowfullscreen=&quot;true&quot; allow=&quot;autoplay; clipboard-write; encrypted-media; picture-in-picture; web-share&quot;&gt;&lt;\/iframe&gt;\"> teatro comunale di Latina<\/a>, passo dopo passo. Quello che era, che \u00e8 stato e che \u00e8 oggi, per rispondere anche alle accuse di immobilismo e incapacit\u00e0 amministrativa rendendo noto che cosa \u00e8 stato fatto. Oggi, <strong>l&#8217;assessore ai lavori Pubblici del Comune di Latina, Emilio Ranieri<\/strong> rilancia,\u00a0 occupandosi della<strong> Cittadella Giudiziaria<\/strong>, progetto avviato durante l&#8217;Amministrazione Zaccheo (l&#8217;ex sindaco oggi ricandidato per il centrodestra), e rimasto incompiuto. Lo fa quando <strong>il Sindaco uscente, Damiano Coletta, ha ottenuto che l\u2019opera sia inserita nel PNRR<\/strong>. Ma tutto comincia nel 2000, ben 11 anni fa, quando il Comune di Latina riceve 8.196.170 \u20ac di finanziamento dal Ministero della Giustizia per comprare stabili da destinare a sede degli uffici giudiziari con l\u2019obiettivo di abbattere le spese di locazione passiva e offrire spazi moderni e capienti per le attivit\u00e0 della Giustizia.<\/p>\n<p style=\"text-align: justify;\"><strong>QUATTRO SED<\/strong>I &#8211; Ricorda Ranieri che gli Uffici Giudiziari attualmente si trovano distribuiti in 4 edifici: il Tribunale di piazza Buozzi, il complesso di Via Ezio sede della Procura della Repubblica, lo stabile di Via Fabio Filzi dove si trovano le sezioni Fallimentare e Lavoro e gli Uffici del Giudice di Pace in \u00a0Via Le Corbusier.<\/p>\n<p style=\"text-align: justify;\">&#8220;Nel 2003 il Ministero sollecita il Comune chiedendo a che punto fosse la ricerca e l\u2019acquisto di beni &#8211; scrive Ranieri, che ha studiato le carte &#8211;\u00a0 A seguito di una trattativa con il Consorzio Due Fiori proprietario dell\u2019immobile di via Ezio che chiedeva per il Complesso di via Ezio 25.000.000.000 lire (circa 12.9 milioni di \u20ac) il Comune non tratta il prezzo \u201cofferto\u201d e richiede al Ministero di utilizzare i fondi per la realizzazione di un nuovo Polo Giudiziario sull\u2019area del comparto C1\/M del PPE del Centro Direzionale e poi delibera con un atto di Giunta una Convenzione per affidare al Provveditorato alle Opere Pubbliche del Lazio la \u201cmission\u201d di realizzare l\u2019opera come Stazione Appaltante caricandosi tutti gli oneri per realizzare l\u2019opera anche utilizzando i meccanismi della finanza di progetto.\u00a0 Il costo dell\u2019opera, all\u2019epoca, \u00e8 di 16.293.756\u20ac che quindi non era totalmente finanziata. Era finanziata solo la parte relativa alla Procura il cui costo poi aumenter\u00e0 ancora.<br \/>\nLa Convenzione \u00e8 firmata dal Sindaco Zaccheo e dal Provveditore alle OO.PP. il famigerato Ing. Angelo Balducci (quello della \u201cCricca\u201d della Scuola dei Carabinieri di Firenze, Grandi Eventi, Mondiali del Nuoto). Zaccheo preoccupato, a settembre del 2003, scrive al Ministero e ottiene rassicurazioni scritte da Balducci. Purtroppo il soggetto non era proprio affidabile&#8221;.<\/p>\n<p style=\"text-align: justify;\"><strong>I LAVORI<\/strong> &#8211; Cominciano i \u00a0lavori assegnati ad un\u2019 Associazione temporanea di Imprese formata da una impresa romana (Impresa Dott. Ing. Renato Santoboni srl) e due di Latina (D\u2019Alessio Costruzioni e Furlan). &#8220;Durante i lavori\u00a0 &#8211; spiega l&#8217;assessore &#8211; l\u2019ATI si scioglie e le due imprese di Latina abbandonano l\u2019ATI (recesso vincolo associativo) a causa delle difficolt\u00e0 di copertura finanziaria. Comunque una buona parte delle opere viene realizzata ma nel marzo 2010 vengono interrotti e il MIT per \u201cgravi inadempienze dell\u2019Appaltatore\u201d decide di risolvere il contratto. La sospensione dei lavori ha provocato problemi seri sia al Condominio CEEPLA che al Centro Le Torri (incendi, intrusioni)&#8221;.<\/p>\n<p style=\"text-align: justify;\"><strong>DAL 2017 &#8211;<\/strong> &#8220;Il Sindaco (stavolta Coletta, <em>ndr<\/em>) sin dall\u2019inizio della Consiliatura ha intrapreso azioni importanti sia direttamente al Ministero di Giustizia con l\u2019allora Ministro Orlando (con Buttarelli mio predecessore) sia con l\u2019INAIL, in quanto il Commissario Barbato aveva candidato l\u2019immobile alle proposte di iniziative sociali previste dalla Legge Finanziaria 2014 &#8211; rende noto Ranieri &#8211; C\u2019\u00e8 da sottolineare che dal 2015 la competenza dell\u2019edilizia giudiziaria non \u00e8 pi\u00f9 appannaggio del Comune (che non anticipa pi\u00f9 fondi di manutenzione o affitto al Ministero) e quindi l\u2019operazione era alquanto difficile perch\u00e9 il trasferimento dell\u2019immobile nello stato di fatto prevedeva passaggi complessi.<br \/>\nIl Comune quindi ha cercato di facilitare un accordo tra possibili investitori istituzionali ed il Ministero perch\u00e9 non si creasse oltre al danno (patrimoniale) la beffa di avere un altro non luogo. Alla presenza del Sindaco e mia, oltre che dei vertici dell\u2019INAIL, il Provveditore, gi\u00e0 nel 2019, ha assicurato che l\u2019opera sar\u00e0 realizzata dal Ministero delle Infrastrutture. Per questo il Ministero della Giustizia ha finanziato l\u2019opera con altri 6.000.000\u20ac ed il resto dei fondi saranno presi dal PNRR.<br \/>\nIl completamento del 1\u00b0 stralcio \u00e8 gi\u00e0 costato 13.000.000 \u20ac alla collettivit\u00e0. I costi dell\u2019opera sono lievitati ed il Provveditorato alle OOPP del Lazio sta redigendo il Progetto Esecutivo e il relativo nuovo Appalto.<br \/>\nRester\u00e0 da definire le compensazioni al Comune dei costi dell\u2019area (Patrimonio) e soldi erogati dal bilancio comunale (circa 2.000.000\u20ac ).<br \/>\nIl Sindaco ha ottenuto che l\u2019opera sia inserita nel PNRR. La Stazione Appaltante rester\u00e0 il Ministero delle Infrastrutture e Trasporti (Provveditorato OOPP) con fondi Min. Giustizia e PNRR&#8221;.<\/p>\n","protected":false},"excerpt":{"rendered":"<p>LATINA &#8211; Lo ha fatto alcuni giorni fa con un post su Facebook per ripercorrere la storia del teatro comunale di Latina, passo dopo passo. Quello che era, che \u00e8 stato e che \u00e8 oggi, per rispondere anche alle accuse di immobilismo e incapacit\u00e0 amministrativa rendendo noto che cosa \u00e8 stato fatto. Oggi, l&#8217;assessore ai [&hellip;]<\/p>\n","protected":false},"author":62,"featured_media":297777,"comment_status":"open","ping_status":"open","sticky":false,"template":"","format":"standard","meta":{"footnotes":""},"categories":[7],"tags":[],"class_list":["post-297768","post","type-post","status-publish","format-standard","has-post-thumbnail","hentry","category-cronaca"],"_links":{"self":[{"href":"https:\/\/www.radioluna.it\/news\/wp-json\/wp\/v2\/posts\/297768","targetHints":{"allow":["GET"]}}],"collection":[{"href":"https:\/\/www.radioluna.it\/news\/wp-json\/wp\/v2\/posts"}],"about":[{"href":"https:\/\/www.radioluna.it\/news\/wp-json\/wp\/v2\/types\/post"}],"author":[{"embeddable":true,"href":"https:\/\/www.radioluna.it\/news\/wp-json\/wp\/v2\/users\/62"}],"replies":[{"embeddable":true,"href":"https:\/\/www.radioluna.it\/news\/wp-json\/wp\/v2\/comments?post=297768"}],"version-history":[{"count":0,"href":"https:\/\/www.radioluna.it\/news\/wp-json\/wp\/v2\/posts\/297768\/revisions"}],"wp:featuredmedia":[{"embeddable":true,"href":"https:\/\/www.radioluna.it\/news\/wp-json\/wp\/v2\/media\/297777"}],"wp:attachment":[{"href":"https:\/\/www.radioluna.it\/news\/wp-json\/wp\/v2\/media?parent=297768"}],"wp:term":[{"taxonomy":"category","embeddable":true,"href":"https:\/\/www.radioluna.it\/news\/wp-json\/wp\/v2\/categories?post=297768"},{"taxonomy":"post_tag","embeddable":true,"href":"https:\/\/www.radioluna.it\/news\/wp-json\/wp\/v2\/tags?post=297768"}],"curies":[{"name":"wp","href":"https:\/\/api.w.org\/{rel}","templated":true}]}}