{"id":297774,"date":"2021-09-22T12:00:14","date_gmt":"2021-09-22T10:00:14","guid":{"rendered":"https:\/\/www.radioluna.it\/news\/?p=297774"},"modified":"2021-09-22T11:19:35","modified_gmt":"2021-09-22T09:19:35","slug":"latina-citta-di-tutt%c9%99-doppio-appuntamento-ce-anche-alessandro-zan","status":"publish","type":"post","link":"https:\/\/www.radioluna.it\/news\/2021\/09\/latina-citta-di-tutt%c9%99-doppio-appuntamento-ce-anche-alessandro-zan\/","title":{"rendered":"Latina citt\u00e0 di tutt\u0259, doppio appuntamento. C&#8217;\u00e8 anche Alessandro Zan"},"content":{"rendered":"<div id=\"fb-root\"><\/div>\n<p style=\"text-align: justify;\"><strong>LATINA &#8211; <\/strong>Latina citt\u00e0 per tutt\u0259? Se ne parler\u00e0 oggi, 22 settembre in due appuntamenti.<\/p>\n<p style=\"text-align: justify;\">Alle 17,00, nella sede del Comitato Coletta Sindaco, in via Cattaneo 5, in un incontro sul divario di genere &#8220;Minde the Gap. Latina con le donne e per le donne&#8221;. Ne dibatteranno il sindaco di Latina Damiano Coletta con l&#8217;assessora regionale Enrica Onorati, l&#8217;assessora Patrizia Ciccarelli e la segretaria di Latina Bene Comune Elettra Ortu La Barbera. Modera l&#8217;assessore Gianmarco Proietti: &#8220;Le\u00a0 donne sanno cosa significa avere a che fare con il vuoto. Vuoto di opportunit\u00e0, di riconoscimenti, fino al vuoto di parole. Parole al femminile che ancora non trovano il diritto di cittadinanza tra tutti i parlanti, nonostante sia la lingua stessa, la nostra madre lingua, a certificarne la legittimit\u00e0 come parole italiane. Fare attenzione al vuoto allora \u00e8 ascoltare chi in quel vuoto inciampa, suo malgrado, e insieme confidare nel fatto che riempire di opportunit\u00e0 quel vuoto \u00e8 l\u2019unica via per realizzare un\u2019esistenza pi\u00f9 piena per tutti&#8221;, spiega Proietti.<\/p>\n<p style=\"text-align: justify;\">Alle 18,30 al Patio, in via Tito Speri 10, si parler\u00e0 di contrasto alla misoginia, all\u2019abilismo e all\u2019omotransfobia con la partecipazione di Alessandro Zan, parlamentare del Pd e autore del contestato disegno di legge sull&#8217;omotransfobia. Ci saranno la presidente nazionale del Pd Valentina Cuppi, il portavoce nazionale delle Sardine, Lorenzo Donnoli, il sindaco di Latina Damiano Coletta,\u00a0 l&#8217;assessora alle Pari Opportunit\u00e0 Patrizia Ciccarelli, la candidata al consiglio comunale Anna Claudia Petrillo.<\/p>\n<p style=\"text-align: justify;\">Seguir\u00e0 la presentazione del libro &#8220;senza paura. La nostra battaglia contro l&#8217;odio&#8221; di Alessandro Zan.<\/p>\n","protected":false},"excerpt":{"rendered":"<p>LATINA &#8211; Latina citt\u00e0 per tutt\u0259? Se ne parler\u00e0 oggi, 22 settembre in due appuntamenti. Alle 17,00, nella sede del Comitato Coletta Sindaco, in via Cattaneo 5, in un incontro sul divario di genere &#8220;Minde the Gap. Latina con le donne e per le donne&#8221;. Ne dibatteranno il sindaco di Latina Damiano Coletta con l&#8217;assessora [&hellip;]<\/p>\n","protected":false},"author":60,"featured_media":297792,"comment_status":"open","ping_status":"open","sticky":false,"template":"","format":"standard","meta":{"footnotes":""},"categories":[8],"tags":[],"class_list":["post-297774","post","type-post","status-publish","format-standard","has-post-thumbnail","hentry","category-politica"],"_links":{"self":[{"href":"https:\/\/www.radioluna.it\/news\/wp-json\/wp\/v2\/posts\/297774","targetHints":{"allow":["GET"]}}],"collection":[{"href":"https:\/\/www.radioluna.it\/news\/wp-json\/wp\/v2\/posts"}],"about":[{"href":"https:\/\/www.radioluna.it\/news\/wp-json\/wp\/v2\/types\/post"}],"author":[{"embeddable":true,"href":"https:\/\/www.radioluna.it\/news\/wp-json\/wp\/v2\/users\/60"}],"replies":[{"embeddable":true,"href":"https:\/\/www.radioluna.it\/news\/wp-json\/wp\/v2\/comments?post=297774"}],"version-history":[{"count":0,"href":"https:\/\/www.radioluna.it\/news\/wp-json\/wp\/v2\/posts\/297774\/revisions"}],"wp:featuredmedia":[{"embeddable":true,"href":"https:\/\/www.radioluna.it\/news\/wp-json\/wp\/v2\/media\/297792"}],"wp:attachment":[{"href":"https:\/\/www.radioluna.it\/news\/wp-json\/wp\/v2\/media?parent=297774"}],"wp:term":[{"taxonomy":"category","embeddable":true,"href":"https:\/\/www.radioluna.it\/news\/wp-json\/wp\/v2\/categories?post=297774"},{"taxonomy":"post_tag","embeddable":true,"href":"https:\/\/www.radioluna.it\/news\/wp-json\/wp\/v2\/tags?post=297774"}],"curies":[{"name":"wp","href":"https:\/\/api.w.org\/{rel}","templated":true}]}}