{"id":297883,"date":"2021-09-22T16:37:01","date_gmt":"2021-09-22T14:37:01","guid":{"rendered":"https:\/\/www.radioluna.it\/news\/?p=297883"},"modified":"2021-09-22T16:37:01","modified_gmt":"2021-09-22T14:37:01","slug":"a-latina-domani-arriva-giuseppe-conte-a-sostegno-di-gianluca-bono","status":"publish","type":"post","link":"https:\/\/www.radioluna.it\/news\/2021\/09\/a-latina-domani-arriva-giuseppe-conte-a-sostegno-di-gianluca-bono\/","title":{"rendered":"A Latina domani arriva Giuseppe Conte, a sostegno di Gianluca Bono"},"content":{"rendered":"<div id=\"fb-root\"><\/div>\n<p style=\"text-align: justify;\">&#8220;Siamo orgogliosi di avere qui a Latina il Presidente del Movimento 5 Stelle nonch\u00e9 ex Capo del Governo&#8221;, lo dice il candidato a sindaco del Movimento 5 stelle di Latina, Gianluca Bono che prosegue: &#8220;Candidati, attivisti e simpatizzanti \u00a0sono fieri di concorrere in queste elezioni tenendo ben presente il significato delle nostre 5 stelle, ovvero acqua pubblica, ambiente, mobilit\u00e0 sostenibile, sviluppo e connettivit\u00e0. Altres\u00ec, siamo consci della nostra presentabilit\u00e0 e trasparenza essendo stati gli unici ad aver ricevuto il benestare della Commissione Antimafia.\u00a0L&#8217;arrivo di Conte, segna l&#8217;inizio di un nuovo movimento che vuole essere sociale, progressista e verde.\u00a0Infatti, non \u00e8 un caso che Conte, in questo suo tour nazionale, abbia deciso di avere un contatto diretto con i cittadini per ribadire la necessit\u00e0 di restituire alla politica etica e valori, sobriet\u00e0 e compostezza, garbo e gentilezza \u00a0soprattutto, \u00a0nei confronti dei cittadini pi\u00f9 fragili e inascoltati.\u00a0Le priorit\u00e0 del M5S non cambiano a cambiare deve essere l&#8217;approccio dei cittadini che deve guardare verso il futuro e l&#8217;evoluzione positiva della propria citt\u00e0 e non indietro, ossia all&#8217;indirizzo di un triste quanto scontato d\u00e9j\u00e0-vu.\u00a0Com&#8217;\u00e8 facile immaginare far collimare diversi impegni nella medesima giornata, in campagna elettorale, non \u00e8 cosa semplice.\u00a0 Dunque, sia per questioni fisiologiche sia per ragioni legate a imprevisti vari e all&#8217;assetto di sicurezza, essendo il Presidente Conte un ex Capo del Governo, gli orari indicati e diffusi sia mezzo stampa sia mezzo social potrebbero subire delle repentine modifiche.\u00a0L&#8217;ultimo aggiornamento ricevuto dallo staff nazionale riporta che la prima tappa, presso i giardinetti (parco Falcone\/Borsellino), \u00e8 prevista tra le 11.30 e le 12.00. A seguire, come noto, ci si sposter\u00e0 presso il quartiere Nicolosi&#8221;.<\/p>\n","protected":false},"excerpt":{"rendered":"<p>&#8220;Siamo orgogliosi di avere qui a Latina il Presidente del Movimento 5 Stelle nonch\u00e9 ex Capo del Governo&#8221;, lo dice il candidato a sindaco del Movimento 5 stelle di Latina, Gianluca Bono che prosegue: &#8220;Candidati, attivisti e simpatizzanti \u00a0sono fieri di concorrere in queste elezioni tenendo ben presente il significato delle nostre 5 stelle, ovvero [&hellip;]<\/p>\n","protected":false},"author":60,"featured_media":0,"comment_status":"open","ping_status":"open","sticky":false,"template":"","format":"standard","meta":{"footnotes":""},"categories":[8],"tags":[],"class_list":["post-297883","post","type-post","status-publish","format-standard","hentry","category-politica"],"_links":{"self":[{"href":"https:\/\/www.radioluna.it\/news\/wp-json\/wp\/v2\/posts\/297883","targetHints":{"allow":["GET"]}}],"collection":[{"href":"https:\/\/www.radioluna.it\/news\/wp-json\/wp\/v2\/posts"}],"about":[{"href":"https:\/\/www.radioluna.it\/news\/wp-json\/wp\/v2\/types\/post"}],"author":[{"embeddable":true,"href":"https:\/\/www.radioluna.it\/news\/wp-json\/wp\/v2\/users\/60"}],"replies":[{"embeddable":true,"href":"https:\/\/www.radioluna.it\/news\/wp-json\/wp\/v2\/comments?post=297883"}],"version-history":[{"count":0,"href":"https:\/\/www.radioluna.it\/news\/wp-json\/wp\/v2\/posts\/297883\/revisions"}],"wp:attachment":[{"href":"https:\/\/www.radioluna.it\/news\/wp-json\/wp\/v2\/media?parent=297883"}],"wp:term":[{"taxonomy":"category","embeddable":true,"href":"https:\/\/www.radioluna.it\/news\/wp-json\/wp\/v2\/categories?post=297883"},{"taxonomy":"post_tag","embeddable":true,"href":"https:\/\/www.radioluna.it\/news\/wp-json\/wp\/v2\/tags?post=297883"}],"curies":[{"name":"wp","href":"https:\/\/api.w.org\/{rel}","templated":true}]}}