{"id":297927,"date":"2021-09-23T11:41:17","date_gmt":"2021-09-23T09:41:17","guid":{"rendered":"https:\/\/www.radioluna.it\/news\/?p=297927"},"modified":"2021-09-23T11:41:17","modified_gmt":"2021-09-23T09:41:17","slug":"a-latina-sabato-la-passeggiata-del-fair-play-e-dellinclusione","status":"publish","type":"post","link":"https:\/\/www.radioluna.it\/news\/2021\/09\/a-latina-sabato-la-passeggiata-del-fair-play-e-dellinclusione\/","title":{"rendered":"A Latina sabato &#8220;La passeggiata del Fair Play e dell&#8217;inclusione&#8221;"},"content":{"rendered":"<div id=\"fb-root\"><\/div>\n<p><strong>LATINA<\/strong> \u2013 E&#8217; in programma sabato 25 settembre, con inizio alle ore 9,30, &#8220;La passeggiata del Fair Play e dell&#8217;inclusione&#8221;.\u00a0L\u2019iniziativa \u00e8 promossa dal Panathlon Club di Latina, in collaborazione con la Fondazione Varaldo Di Pietro, con l\u2019obiettivo di promuovere la cultura sportiva quale straordinario catalizzatore di valori universali positivi, veicolo di\u00a0inclusione, partecipazione\u00a0e aggregazione sociale.\u00a0\u00a0L\u2019evento \u00e8 inserito nel progetto &#8221; #360inclusione \u201d promosso dalle Associazioni Benemerite del Coni (Panathlon International, UNVS, Special\u00a0Olympics\u00a0e SCAIS) con Sport e Salute per il 2021 che in particolare ha l\u2019obiettivo, dopo la pandemia, di ripresa delle attivit\u00e0 e dei contatti sociali soprattutto verso le fasce pi\u00f9 deboli della popolazione, gli anziani e le persone con disabilit\u00e0.\u00a0\u00a0L&#8217;evento \u00e8 patrocinato dal Comune di Latina, dalla Provincia di Latina, dal CONI e dal CIP regionali ed \u00e8 aperto a tutti coloro (associazioni, societ\u00e0 sportive, singoli cittadini)\u00a0 che vorranno condividere i valori espressi dall\u2019iniziativa. Latina \u00e8 l&#8217;unica citt\u00e0 in Italia e in Europa ad ospitare due monumenti simbolo dei valori dello sport e dell&#8217;inclusione: il Monumento al Fair Play, donati dalla citt\u00e0 dal Panathlon Club di Latina e dalla Fondazione Varaldo Di Pietro, e il Monumento all\u2019Inclusione dedicato a Eunice Kennedy realizzato e donato a Latina dalla Fondazione Varaldo Di Pietro.\u00a0Una \u201cpasseggiata\u201d che getta le basi di un progetto pi\u00f9 ampio: costruire per la nostra citt\u00e0 una specifica connotazione di citt\u00e0 dei valori, con questa prima edizione che diventer\u00e0 un appuntamento annuale. Il ritrovo \u00e8 previsto alle ore 9.00 in Via dei Mille a Latina. La partenza avverr\u00e0 alle 9.30 dal Monumento del Fair Play e, attraverso il centro storico si arriver\u00e0 al Parco San Marco presso il &#8220;Monumento all&#8217;inclusione&#8221;. Interverr\u00e0 il Dott. Alessandro Palazzotti, nella sua qualit\u00e0 di\u00a0Panathleta\u00a0del Club di Roma e Vice Presidente Special\u00a0Olympics\u00a0Italia, delegato dal Presidente del Panathlon Distretto Italia Giorgio Costa.<\/p>\n<p>&nbsp;<\/p>\n<div class=\"radio-posizionamento-telefono-in-articoli-dopo-il-contenuto-articolo radio-entity-placement\" id=\"radio-2916748495\"><div id=\"radio-1005469023\" style=\"width: 300px;height: 250px;\"><a href=\"https:\/\/www.icarspa.it\/auto\/usate\/latina\/\" aria-label=\"banner aprile icar new life &#8211; auto usate latina\"><img loading=\"lazy\" decoding=\"async\" src=\"https:\/\/www.radioluna.it\/news\/wp-content\/uploads\/2026\/02\/banner-aprile-icar-new-life-auto-usate-latina.gif\" alt=\"\"  width=\"300\" height=\"250\"   \/><\/a><\/div><\/div>","protected":false},"excerpt":{"rendered":"<p>LATINA \u2013 E&#8217; in programma sabato 25 settembre, con inizio alle ore 9,30, &#8220;La passeggiata del Fair Play e dell&#8217;inclusione&#8221;.\u00a0L\u2019iniziativa \u00e8 promossa dal Panathlon Club di Latina, in collaborazione con la Fondazione Varaldo Di Pietro, con l\u2019obiettivo di promuovere la cultura sportiva quale straordinario catalizzatore di valori universali positivi, veicolo di\u00a0inclusione, partecipazione\u00a0e aggregazione sociale.\u00a0\u00a0L\u2019evento \u00e8 [&hellip;]<\/p>\n","protected":false},"author":60,"featured_media":232910,"comment_status":"open","ping_status":"open","sticky":false,"template":"","format":"standard","meta":{"footnotes":""},"categories":[16],"tags":[],"class_list":["post-297927","post","type-post","status-publish","format-standard","has-post-thumbnail","hentry","category-appuntamenti"],"_links":{"self":[{"href":"https:\/\/www.radioluna.it\/news\/wp-json\/wp\/v2\/posts\/297927","targetHints":{"allow":["GET"]}}],"collection":[{"href":"https:\/\/www.radioluna.it\/news\/wp-json\/wp\/v2\/posts"}],"about":[{"href":"https:\/\/www.radioluna.it\/news\/wp-json\/wp\/v2\/types\/post"}],"author":[{"embeddable":true,"href":"https:\/\/www.radioluna.it\/news\/wp-json\/wp\/v2\/users\/60"}],"replies":[{"embeddable":true,"href":"https:\/\/www.radioluna.it\/news\/wp-json\/wp\/v2\/comments?post=297927"}],"version-history":[{"count":0,"href":"https:\/\/www.radioluna.it\/news\/wp-json\/wp\/v2\/posts\/297927\/revisions"}],"wp:featuredmedia":[{"embeddable":true,"href":"https:\/\/www.radioluna.it\/news\/wp-json\/wp\/v2\/media\/232910"}],"wp:attachment":[{"href":"https:\/\/www.radioluna.it\/news\/wp-json\/wp\/v2\/media?parent=297927"}],"wp:term":[{"taxonomy":"category","embeddable":true,"href":"https:\/\/www.radioluna.it\/news\/wp-json\/wp\/v2\/categories?post=297927"},{"taxonomy":"post_tag","embeddable":true,"href":"https:\/\/www.radioluna.it\/news\/wp-json\/wp\/v2\/tags?post=297927"}],"curies":[{"name":"wp","href":"https:\/\/api.w.org\/{rel}","templated":true}]}}