{"id":297955,"date":"2021-09-23T16:27:01","date_gmt":"2021-09-23T14:27:01","guid":{"rendered":"https:\/\/www.radioluna.it\/news\/?p=297955"},"modified":"2021-09-23T16:27:01","modified_gmt":"2021-09-23T14:27:01","slug":"puliamo-il-mondo-a-latina-iniziativa-lungo-il-canale-delle-acque-medie","status":"publish","type":"post","link":"https:\/\/www.radioluna.it\/news\/2021\/09\/puliamo-il-mondo-a-latina-iniziativa-lungo-il-canale-delle-acque-medie\/","title":{"rendered":"Puliamo il Mondo: a Latina iniziativa lungo il Canale delle Acque Medie"},"content":{"rendered":"<div id=\"fb-root\"><\/div>\n<p style=\"text-align: justify;\"><strong>LATINA &#8211;<\/strong> Per la 29\u00b0 edizione di Puliamo il Mondo, sabato e domenica prossimi, 25 e 26 settembre, a Latina \u00e8 stata organizzata una nuova azione di pulizia lungo il Canale delle Acque Medie. Lo slogan dei promotori\u00a0 \u00e8 un invito alla partecipazione ma anche alla presa di coscienza dell&#8217;importanza dei comportamenti individuali. la domanda allora \u00e8:\u00a0 QUALCUNO LA RACCOGLIERA? E SE QUEL QUALCUNO FOSSI PROPRIO TU?<\/p>\n<p style=\"text-align: justify;\">&#8220;L&#8217;idea \u00e8 di dare continuit\u00e0 di attenzione a un luogo importante come lo \u00e8 un corso d&#8217;acqua, dove vivono tanti uccelli acquatici, e dove si pu\u00f2 passeggiare con piacevolezza&#8221;, dice Loretta Isotton, presidente uscente della commissione Ambiente del Comune di Latina.<\/p>\n<p style=\"text-align: justify;\">Per partecipare basta avere un paio di guanti, si pu\u00f2 portare un rastrello e tanta buona volont\u00e0. L&#8217;appuntamento \u00e8\u00a0 sabato mattina alle 8,30 davanti alla LIpu o domenica mattina\u00a0 alle 8,30 sul Ponte delle Comete.<br \/>\nDomenica pomeriggio invece l&#8217;iniziativa si sposta alle 15 a Rio Martino e a Capoportiere.<\/p>\n<div class=\"radio-posizionamento-telefono-in-articoli-dopo-il-contenuto-articolo radio-entity-placement\" id=\"radio-3047940651\"><div id=\"radio-2309712404\" style=\"width: 300px;height: 250px;\"><a href=\"https:\/\/www.icarspa.it\/auto\/usate\/latina\/\" aria-label=\"banner aprile icar new life &#8211; auto usate latina\"><img loading=\"lazy\" decoding=\"async\" src=\"https:\/\/www.radioluna.it\/news\/wp-content\/uploads\/2026\/02\/banner-aprile-icar-new-life-auto-usate-latina.gif\" alt=\"\"  width=\"300\" height=\"250\"   \/><\/a><\/div><\/div>","protected":false},"excerpt":{"rendered":"<p>LATINA &#8211; Per la 29\u00b0 edizione di Puliamo il Mondo, sabato e domenica prossimi, 25 e 26 settembre, a Latina \u00e8 stata organizzata una nuova azione di pulizia lungo il Canale delle Acque Medie. Lo slogan dei promotori\u00a0 \u00e8 un invito alla partecipazione ma anche alla presa di coscienza dell&#8217;importanza dei comportamenti individuali. la domanda [&hellip;]<\/p>\n","protected":false},"author":60,"featured_media":297956,"comment_status":"open","ping_status":"open","sticky":false,"template":"","format":"standard","meta":{"footnotes":""},"categories":[16],"tags":[],"class_list":["post-297955","post","type-post","status-publish","format-standard","has-post-thumbnail","hentry","category-appuntamenti"],"_links":{"self":[{"href":"https:\/\/www.radioluna.it\/news\/wp-json\/wp\/v2\/posts\/297955","targetHints":{"allow":["GET"]}}],"collection":[{"href":"https:\/\/www.radioluna.it\/news\/wp-json\/wp\/v2\/posts"}],"about":[{"href":"https:\/\/www.radioluna.it\/news\/wp-json\/wp\/v2\/types\/post"}],"author":[{"embeddable":true,"href":"https:\/\/www.radioluna.it\/news\/wp-json\/wp\/v2\/users\/60"}],"replies":[{"embeddable":true,"href":"https:\/\/www.radioluna.it\/news\/wp-json\/wp\/v2\/comments?post=297955"}],"version-history":[{"count":0,"href":"https:\/\/www.radioluna.it\/news\/wp-json\/wp\/v2\/posts\/297955\/revisions"}],"wp:featuredmedia":[{"embeddable":true,"href":"https:\/\/www.radioluna.it\/news\/wp-json\/wp\/v2\/media\/297956"}],"wp:attachment":[{"href":"https:\/\/www.radioluna.it\/news\/wp-json\/wp\/v2\/media?parent=297955"}],"wp:term":[{"taxonomy":"category","embeddable":true,"href":"https:\/\/www.radioluna.it\/news\/wp-json\/wp\/v2\/categories?post=297955"},{"taxonomy":"post_tag","embeddable":true,"href":"https:\/\/www.radioluna.it\/news\/wp-json\/wp\/v2\/tags?post=297955"}],"curies":[{"name":"wp","href":"https:\/\/api.w.org\/{rel}","templated":true}]}}