{"id":297963,"date":"2021-09-23T19:42:04","date_gmt":"2021-09-23T17:42:04","guid":{"rendered":"https:\/\/www.radioluna.it\/news\/?p=297963"},"modified":"2021-09-23T20:01:10","modified_gmt":"2021-09-23T18:01:10","slug":"trasporti-scolastici-vertice-in-prefettura-non-ci-sono-criticita-particolari","status":"publish","type":"post","link":"https:\/\/www.radioluna.it\/news\/2021\/09\/trasporti-scolastici-vertice-in-prefettura-non-ci-sono-criticita-particolari\/","title":{"rendered":"Trasporti scolastici, vertice in Prefettura: &#8220;Non ci sono criticit\u00e0 particolari&#8221;"},"content":{"rendered":"<div id=\"fb-root\"><\/div>\n<p style=\"text-align: justify;\"><strong>LATINA<\/strong> &#8211; L&#8217;attivit\u00e0 di screening effettuata con test salivari nei tre istituti scolastici della provincia di Latina individuati come &#8220;scuole sentinella&#8221;, non ha evidenziato casi di positivit\u00e0 al covid tra gli studenti che si sono sottoposti al monitoraggio. E&#8217; quanto riferito dalla Asl al tavolo convocato dal Prefetto di Latina Maurizio Falco con la partecipazione, oltre che dell&#8217;azienda sanitaria,\u00a0 dell&#8217;Ufficio scolastico provinciale e dei Comuni di Cisterna, Terracina, Gaeta e Formia.\u00a0 Le scuole interessate sono state l&#8217;istituto comprensivo Volta di Latina, il Gramsci di Aprilia e il Garibaldi di Fondi, ma le attivit\u00e0 proseguiranno nei prossimi giorni presso altri plessi scolastici.<\/p>\n<p style=\"text-align: justify;\">L&#8217;incontro verteva sul tema dei trasporti scolastici con l&#8217;obiettivo \u00e8 stato quello di monitorare l&#8217;andamento dei trasporti a dieci giorni circa dall&#8217;avvio del nuovo anno scolastico. Nel corso dell&#8217;incontro\u00a0 &#8211; si legge in una nota della Prefettura &#8211; non sono state segnalate particolari criticit\u00e0 legate ai mezzi del trasporto per gli studenti, anche se \u00e8 stato evidenziato da parte dell&#8217;Ufficio scolastico che alcuni istituti della provincia, di fronte alle nuove fasce orarie previste dal piano, hanno richiesto alla Regione di considerare un possibile, ulteriore potenziamento ad hoc delle corse in atto. Il dirigente dell&#8217;Ufficio scolastico ha evidenziato come siano state soddisfatte quasi tutte le richieste di variazione per motivate esigenze logistico- territoriali, segnalando che per l&#8217;istituto Ramad\u00f9 di Cisterna si sta valutando la possibilit\u00e0 di concedere una deroga agli orari di ingresso. Dalla sintesi degli interventi \u00e8 emersa una sostanziale approvazione da parte dei sindaci del nuovo schema operativo, reso particolarmente efficace dalla sua flessibilit\u00e0, attraverso misure calibrate alle esigenze territoriali, derivante dai rapporti diretti tra i Comuni e la Regione. Forze dell&#8217;ordine ed enti locali, alla luce delle indicazioni contenute nel piano e rese operativi da specifici tavoli tecnici svolti presso la questura di Latina, hanno potenziato i controlli anti assembramento in prossimit\u00e0 degli istituti scolastici del territorio&#8221;, conclude la nota.<\/p>\n<div class=\"radio-posizionamento-telefono-in-articoli-dopo-il-contenuto-articolo radio-entity-placement\" id=\"radio-646048729\"><div id=\"radio-2199096492\" style=\"width: 300px;height: 250px;\"><a href=\"https:\/\/www.icarspa.it\/auto\/usate\/latina\/\" aria-label=\"banner aprile icar new life &#8211; auto usate latina\"><img loading=\"lazy\" decoding=\"async\" src=\"https:\/\/www.radioluna.it\/news\/wp-content\/uploads\/2026\/02\/banner-aprile-icar-new-life-auto-usate-latina.gif\" alt=\"\"  width=\"300\" height=\"250\"   \/><\/a><\/div><\/div>","protected":false},"excerpt":{"rendered":"<p>LATINA &#8211; L&#8217;attivit\u00e0 di screening effettuata con test salivari nei tre istituti scolastici della provincia di Latina individuati come &#8220;scuole sentinella&#8221;, non ha evidenziato casi di positivit\u00e0 al covid tra gli studenti che si sono sottoposti al monitoraggio. E&#8217; quanto riferito dalla Asl al tavolo convocato dal Prefetto di Latina Maurizio Falco con la partecipazione, [&hellip;]<\/p>\n","protected":false},"author":62,"featured_media":265765,"comment_status":"open","ping_status":"open","sticky":false,"template":"","format":"standard","meta":{"footnotes":""},"categories":[248],"tags":[],"class_list":["post-297963","post","type-post","status-publish","format-standard","has-post-thumbnail","hentry","category-istruzione"],"_links":{"self":[{"href":"https:\/\/www.radioluna.it\/news\/wp-json\/wp\/v2\/posts\/297963","targetHints":{"allow":["GET"]}}],"collection":[{"href":"https:\/\/www.radioluna.it\/news\/wp-json\/wp\/v2\/posts"}],"about":[{"href":"https:\/\/www.radioluna.it\/news\/wp-json\/wp\/v2\/types\/post"}],"author":[{"embeddable":true,"href":"https:\/\/www.radioluna.it\/news\/wp-json\/wp\/v2\/users\/62"}],"replies":[{"embeddable":true,"href":"https:\/\/www.radioluna.it\/news\/wp-json\/wp\/v2\/comments?post=297963"}],"version-history":[{"count":0,"href":"https:\/\/www.radioluna.it\/news\/wp-json\/wp\/v2\/posts\/297963\/revisions"}],"wp:featuredmedia":[{"embeddable":true,"href":"https:\/\/www.radioluna.it\/news\/wp-json\/wp\/v2\/media\/265765"}],"wp:attachment":[{"href":"https:\/\/www.radioluna.it\/news\/wp-json\/wp\/v2\/media?parent=297963"}],"wp:term":[{"taxonomy":"category","embeddable":true,"href":"https:\/\/www.radioluna.it\/news\/wp-json\/wp\/v2\/categories?post=297963"},{"taxonomy":"post_tag","embeddable":true,"href":"https:\/\/www.radioluna.it\/news\/wp-json\/wp\/v2\/tags?post=297963"}],"curies":[{"name":"wp","href":"https:\/\/api.w.org\/{rel}","templated":true}]}}