{"id":297965,"date":"2021-09-23T21:43:35","date_gmt":"2021-09-23T19:43:35","guid":{"rendered":"https:\/\/www.radioluna.it\/news\/?p=297965"},"modified":"2021-09-24T16:12:02","modified_gmt":"2021-09-24T14:12:02","slug":"incendio-a-latina-carabinieri-forestali-e-vigili-del-fuoco-a-caccia-di-tracce-il-sopralluogo","status":"publish","type":"post","link":"https:\/\/www.radioluna.it\/news\/2021\/09\/incendio-a-latina-carabinieri-forestali-e-vigili-del-fuoco-a-caccia-di-tracce-il-sopralluogo\/","title":{"rendered":"Incendio a Latina, carabinieri forestali e vigili del fuoco a caccia di tracce: il sopralluogo. Indaga anche la polizia"},"content":{"rendered":"<div id=\"fb-root\"><\/div>\n<p style=\"text-align: justify;\"><strong>LATINA &#8211; <\/strong>I carabinieri forestali e gli esperti di tracce dei vigili del fuoco hanno svolto un sopralluogo congiunto ieri mattina nell\u2019area a ridosso di Via Regione Veneto da dove \u00e8 partito, poco dopo le 12 di mercoled\u00ec, il pericoloso incendio che ha poi attraversato trasversalmente Latina fino al Piccarello, bruciando 35 ettari di boscaglia e aree verdi. Il bilancio \u00e8 pesante, ma la preoccupazione per quanto accaduto e per quanto sarebbe potuto accadere, \u00e8 ancora maggiore. Anche la polizia si \u00e8 recata sul posto a caccia di indizi utili alle indagini.<\/p>\n<p style=\"text-align: justify;\">Sequestrato un possibile innesco e sono state ascoltate informalmente anche alcune persone che riferiscono di aver visto qualcuno aggirarsi nella zona da cui sono divampate le fiamme. Quello che \u00e8 ormai certo \u00e8 che si \u00e8 trattato di un incendio doloso, partito da un\u2019area gi\u00e0 incendiata in passato e che il forte vento di Maestrale ha fatto il resto rendendo in pochi minuti ingovernabile la situazione che ha poi impegnato vigili del fuoco e protezione civile fino a sera. Non era mai accaduto che un incendio nella citt\u00e0 capoluogo, richiedesse l&#8217;intervento di sei squadre dei vigili del fuoco e di due elicotteri che hanno fatto la spola tra la cava in cui prelevavano acqua e le aree percorsa dal fuoco.<\/p>\n<p style=\"text-align: justify;\">Gli investigatori, anche con l&#8217;ausilio della Polizia,\u00a0 stanno raccogliendo ogni indizio utile alla ricostruzione dei fatti considerando anche l\u2019elevato pericolo cui i cittadini sono stati esposti.\u00a0 L&#8217;informativa sar\u00e0 poi consegnata alla Procura della Repubblica che coordina l\u2019inchiesta.<\/p>\n","protected":false},"excerpt":{"rendered":"<p>LATINA &#8211; I carabinieri forestali e gli esperti di tracce dei vigili del fuoco hanno svolto un sopralluogo congiunto ieri mattina nell\u2019area a ridosso di Via Regione Veneto da dove \u00e8 partito, poco dopo le 12 di mercoled\u00ec, il pericoloso incendio che ha poi attraversato trasversalmente Latina fino al Piccarello, bruciando 35 ettari di boscaglia [&hellip;]<\/p>\n","protected":false},"author":62,"featured_media":297968,"comment_status":"open","ping_status":"open","sticky":false,"template":"","format":"standard","meta":{"footnotes":""},"categories":[7],"tags":[],"class_list":["post-297965","post","type-post","status-publish","format-standard","has-post-thumbnail","hentry","category-cronaca"],"_links":{"self":[{"href":"https:\/\/www.radioluna.it\/news\/wp-json\/wp\/v2\/posts\/297965","targetHints":{"allow":["GET"]}}],"collection":[{"href":"https:\/\/www.radioluna.it\/news\/wp-json\/wp\/v2\/posts"}],"about":[{"href":"https:\/\/www.radioluna.it\/news\/wp-json\/wp\/v2\/types\/post"}],"author":[{"embeddable":true,"href":"https:\/\/www.radioluna.it\/news\/wp-json\/wp\/v2\/users\/62"}],"replies":[{"embeddable":true,"href":"https:\/\/www.radioluna.it\/news\/wp-json\/wp\/v2\/comments?post=297965"}],"version-history":[{"count":0,"href":"https:\/\/www.radioluna.it\/news\/wp-json\/wp\/v2\/posts\/297965\/revisions"}],"wp:featuredmedia":[{"embeddable":true,"href":"https:\/\/www.radioluna.it\/news\/wp-json\/wp\/v2\/media\/297968"}],"wp:attachment":[{"href":"https:\/\/www.radioluna.it\/news\/wp-json\/wp\/v2\/media?parent=297965"}],"wp:term":[{"taxonomy":"category","embeddable":true,"href":"https:\/\/www.radioluna.it\/news\/wp-json\/wp\/v2\/categories?post=297965"},{"taxonomy":"post_tag","embeddable":true,"href":"https:\/\/www.radioluna.it\/news\/wp-json\/wp\/v2\/tags?post=297965"}],"curies":[{"name":"wp","href":"https:\/\/api.w.org\/{rel}","templated":true}]}}