{"id":297979,"date":"2021-09-24T07:28:21","date_gmt":"2021-09-24T05:28:21","guid":{"rendered":"https:\/\/www.radioluna.it\/news\/?p=297979"},"modified":"2021-09-24T07:28:43","modified_gmt":"2021-09-24T05:28:43","slug":"lutto-cittadino-a-cori-e-funerali-a-cisterna-per-il-maresciallo-ugo-scotti","status":"publish","type":"post","link":"https:\/\/www.radioluna.it\/news\/2021\/09\/lutto-cittadino-a-cori-e-funerali-a-cisterna-per-il-maresciallo-ugo-scotti\/","title":{"rendered":"Lutto cittadino a Cori e funerali a Cisterna per il maresciallo Ugo Scotti"},"content":{"rendered":"<div id=\"fb-root\"><\/div>\n<p style=\"text-align: justify;\"><strong>CORI<\/strong> &#8211; Il sindaco di Cori Mauro De Lillis ha proclamato il lutto cittadino per la giornata di oggi (venerd\u00ec 24 settembre) in occasione delle esequie del\u00a0maresciallo Ugo Scotti, comandante della stazione dei Carabinieri di Cori, morto durante un&#8217;immersione in apnea a Palinuro. Anche se i funerali si terranno oggi pomeriggio alle 16 a Cisterna, e in particolare a Olmobello, citt\u00e0 di origine del militare, l&#8217;intera comunit\u00e0 della citt\u00e0 lepina \u00e8 stata profondamente colpita dalla tragedia e questo \u00e8 il modo scelto per omaggiare il maresciallo. E questa mattina alle 10 sar\u00e0 aperta la camera ardente nella cappella del cimitero di Cisterna dove \u00e8 atteso anche il prefetto di Latina, Maurizio Falco, oltre che i colleghi. <img loading=\"lazy\" decoding=\"async\" class=\"size-full wp-image-297905 alignleft\" src=\"https:\/\/www.radioluna.it\/news\/wp-content\/uploads\/2021\/09\/ugo-scotti.jpg\" alt=\"\" width=\"261\" height=\"225\" \/><\/p>\n<p style=\"text-align: justify;\">Il lutto cittadino\u00a0 disposto dal sindaco di Cori \u00e8 stato ritenuto doveroso \u201cIn considerazione sia della stima riposta in lui dall\u2019amministrazione comunale e da tutta la cittadinanza per la competenza, la dedizione e la partecipazione umana con la quale ha rivestito il proprio ruolo nella nostra Citt\u00e0, sia della riconoscenza che occorre tributargli per le numerose azioni intraprese e realizzate con successo a salvaguardia della sicurezza e della legalit\u00e0 nel nostro territorio\u201d, cos\u00ec recita il decreto sindacale firmato dal primo cittadino. Dunque, bandiere a mezz\u2019asta nelle sedi comunali e l\u2019invito agli esercizi commerciali ad abbassare le saracinesche in segno di lutto alle ore 16 in concomitanza con la cerimonia funebre, alla quale l\u2019amministrazione parteciper\u00e0 con una delegazione e il gonfalone comunale. Il decreto si chiude esprimendo \u201ca tutta la famiglia e all\u2019Arma dei Carabinieri le pi\u00f9 sentite condoglianze da parte di tutta l\u2019amministrazione comunale, dei dipendenti e della comunit\u00e0 di Cori per la prematura scomparsa\u201d.<\/p>\n<p style=\"text-align: justify;\">Scotti che aveva 49 anni lascia la moglie e due ragazzi di 17 e 19 anni.<\/p>\n","protected":false},"excerpt":{"rendered":"<p>CORI &#8211; Il sindaco di Cori Mauro De Lillis ha proclamato il lutto cittadino per la giornata di oggi (venerd\u00ec 24 settembre) in occasione delle esequie del\u00a0maresciallo Ugo Scotti, comandante della stazione dei Carabinieri di Cori, morto durante un&#8217;immersione in apnea a Palinuro. Anche se i funerali si terranno oggi pomeriggio alle 16 a Cisterna, [&hellip;]<\/p>\n","protected":false},"author":62,"featured_media":297980,"comment_status":"open","ping_status":"open","sticky":false,"template":"","format":"standard","meta":{"footnotes":""},"categories":[7],"tags":[],"class_list":["post-297979","post","type-post","status-publish","format-standard","has-post-thumbnail","hentry","category-cronaca"],"_links":{"self":[{"href":"https:\/\/www.radioluna.it\/news\/wp-json\/wp\/v2\/posts\/297979","targetHints":{"allow":["GET"]}}],"collection":[{"href":"https:\/\/www.radioluna.it\/news\/wp-json\/wp\/v2\/posts"}],"about":[{"href":"https:\/\/www.radioluna.it\/news\/wp-json\/wp\/v2\/types\/post"}],"author":[{"embeddable":true,"href":"https:\/\/www.radioluna.it\/news\/wp-json\/wp\/v2\/users\/62"}],"replies":[{"embeddable":true,"href":"https:\/\/www.radioluna.it\/news\/wp-json\/wp\/v2\/comments?post=297979"}],"version-history":[{"count":0,"href":"https:\/\/www.radioluna.it\/news\/wp-json\/wp\/v2\/posts\/297979\/revisions"}],"wp:featuredmedia":[{"embeddable":true,"href":"https:\/\/www.radioluna.it\/news\/wp-json\/wp\/v2\/media\/297980"}],"wp:attachment":[{"href":"https:\/\/www.radioluna.it\/news\/wp-json\/wp\/v2\/media?parent=297979"}],"wp:term":[{"taxonomy":"category","embeddable":true,"href":"https:\/\/www.radioluna.it\/news\/wp-json\/wp\/v2\/categories?post=297979"},{"taxonomy":"post_tag","embeddable":true,"href":"https:\/\/www.radioluna.it\/news\/wp-json\/wp\/v2\/tags?post=297979"}],"curies":[{"name":"wp","href":"https:\/\/api.w.org\/{rel}","templated":true}]}}