{"id":298018,"date":"2021-09-24T11:46:30","date_gmt":"2021-09-24T09:46:30","guid":{"rendered":"https:\/\/www.radioluna.it\/news\/?p=298018"},"modified":"2021-09-24T12:56:10","modified_gmt":"2021-09-24T10:56:10","slug":"elezioni-amministrative-allhotel-europa-il-confronto-tra-gli-aspiranti-sindaco-di-latina","status":"publish","type":"post","link":"https:\/\/www.radioluna.it\/news\/2021\/09\/elezioni-amministrative-allhotel-europa-il-confronto-tra-gli-aspiranti-sindaco-di-latina\/","title":{"rendered":"Elezioni amministrative, all&#8217;Hotel Europa il confronto tra gli aspiranti sindaco di Latina"},"content":{"rendered":"<div id=\"fb-root\"><\/div>\n<p style=\"text-align: justify;\"><strong>LATINA &#8211;<\/strong> L&#8217;ultima settimana di campagna\u00a0 elettorale prima del silenzio che preceder\u00e0 il voto del 3 e\u00a0 4 ottobre, a Latina, si apre con un dibattito tra otto dei nove candidati alla carica di sindaco. Due donne e sei uomini che si sfideranno sui programmi in un incontro-confronto\u00a0 promosso dall&#8217; Ucid (Unione Cristiana Imprenditori Dirigenti) Sezione di Latina per domani, sabato 25 settembre all&#8217;l\u2019Hotel Europa di Latina alle ore 10.<\/p>\n<p style=\"text-align: justify;\">&#8220;Hanno aderito tutti i candidati Sindaco del capoluogo pontino: Andrea Ambrosetti, Gianluca Bono, Antonio Bottoni, Damiano Coletta, Annalisa Muzio, Sergio Sciaudone, Vincenzo Zaccheo e Nicoletta Zuliani&#8221;, assicurano dall&#8217;Ucid. Manca dall&#8217;elenco Antonio Mancino.<\/p>\n<p style=\"text-align: justify;\">Introdurr\u00e0 l\u2019incontro l\u2019ing. Francesco Berardi, Presidente UCID Latina, modernano Simona Mul\u00e8, Segretaria UCID e Benedetto Delle Site, Presidente nazionale Movimento Giovani UCID. Concluder\u00e0 i lavori Mario Romagnoli, gi\u00e0 Sindaco di Latina e storico Socio dell\u2019UCID Latina.<\/p>\n","protected":false},"excerpt":{"rendered":"<p>LATINA &#8211; L&#8217;ultima settimana di campagna\u00a0 elettorale prima del silenzio che preceder\u00e0 il voto del 3 e\u00a0 4 ottobre, a Latina, si apre con un dibattito tra otto dei nove candidati alla carica di sindaco. Due donne e sei uomini che si sfideranno sui programmi in un incontro-confronto\u00a0 promosso dall&#8217; Ucid (Unione Cristiana Imprenditori Dirigenti) [&hellip;]<\/p>\n","protected":false},"author":62,"featured_media":263706,"comment_status":"open","ping_status":"open","sticky":false,"template":"","format":"standard","meta":{"footnotes":""},"categories":[8],"tags":[],"class_list":["post-298018","post","type-post","status-publish","format-standard","has-post-thumbnail","hentry","category-politica"],"_links":{"self":[{"href":"https:\/\/www.radioluna.it\/news\/wp-json\/wp\/v2\/posts\/298018","targetHints":{"allow":["GET"]}}],"collection":[{"href":"https:\/\/www.radioluna.it\/news\/wp-json\/wp\/v2\/posts"}],"about":[{"href":"https:\/\/www.radioluna.it\/news\/wp-json\/wp\/v2\/types\/post"}],"author":[{"embeddable":true,"href":"https:\/\/www.radioluna.it\/news\/wp-json\/wp\/v2\/users\/62"}],"replies":[{"embeddable":true,"href":"https:\/\/www.radioluna.it\/news\/wp-json\/wp\/v2\/comments?post=298018"}],"version-history":[{"count":0,"href":"https:\/\/www.radioluna.it\/news\/wp-json\/wp\/v2\/posts\/298018\/revisions"}],"wp:featuredmedia":[{"embeddable":true,"href":"https:\/\/www.radioluna.it\/news\/wp-json\/wp\/v2\/media\/263706"}],"wp:attachment":[{"href":"https:\/\/www.radioluna.it\/news\/wp-json\/wp\/v2\/media?parent=298018"}],"wp:term":[{"taxonomy":"category","embeddable":true,"href":"https:\/\/www.radioluna.it\/news\/wp-json\/wp\/v2\/categories?post=298018"},{"taxonomy":"post_tag","embeddable":true,"href":"https:\/\/www.radioluna.it\/news\/wp-json\/wp\/v2\/tags?post=298018"}],"curies":[{"name":"wp","href":"https:\/\/api.w.org\/{rel}","templated":true}]}}