{"id":298041,"date":"2021-09-24T14:42:12","date_gmt":"2021-09-24T12:42:12","guid":{"rendered":"https:\/\/www.radioluna.it\/news\/?p=298041"},"modified":"2021-09-24T14:42:12","modified_gmt":"2021-09-24T12:42:12","slug":"imprenditoria-femminile-e-partecipazione-ai-progetti-europei-gli-ambiti-su-cui-si-concentra-la-campagna-di-clarita-pucci","status":"publish","type":"post","link":"https:\/\/www.radioluna.it\/news\/2021\/09\/imprenditoria-femminile-e-partecipazione-ai-progetti-europei-gli-ambiti-su-cui-si-concentra-la-campagna-di-clarita-pucci\/","title":{"rendered":"&#8220;Imprenditoria femminile e partecipazione ai progetti europei&#8221;, gli ambiti su cui si concentra la campagna di Clarita Pucci"},"content":{"rendered":"<div id=\"fb-root\"><\/div>\n<p style=\"text-align: justify;\"><strong>LATINA<\/strong> &#8211; &#8220;Imprenditoria femminile e partecipazione ai progetti europei. Questi gli ambiti sui quali posso dare un contributo importante per la crescita e lo sviluppo di Latina. Mi candido al Consiglio comunale con Forza Italia e sostengo la corsa a sindaco di Vincenzo Zaccheo.<br \/>\nA mio avviso le imprese femminili devono essere protagoniste del sistema produttivo del nostro territorio. Si devono creare le condizioni per un modello legato alle pari opportunit\u00e0, potenziando il ruolo di tutte le donne e delle imprenditrici della citt\u00e0 di Latina. Nel contesto lavorativo purtroppo la percentuale \u00e8 ancora troppo bassa, l\u2019accesso al credito per le donne che scelgono di fare impresa \u00e8 difficile, le loro \u201creti\u201d di contatti troppo fragili. Permane un problema culturale: nonostante tutti gli sforzi, \u201cimprenditorialit\u00e0\u201d \u00e8 ancora un valore maschile. E se si tratta di un problema europeo, l\u2019Italia ha un ritardo comparato che l\u2019attuale crisi rischia di ampliare. Oggi pi\u00f9 che mai il tema dell\u2019impresa femminile va rimesso al centro. Con alcuni punti fermi. Il primo \u00e8 il rafforzamento degli incentivi alle imprese, in cui ai tradizionali contributi per le Pmi a guida femminile si devono affiancare strumenti di finanziamento per le startup, definiti in collaborazione con il Fondo nazionale innovazione. Ma \u00e8 chiaro che le sole risorse non bastano. Occorre aiutare le donne a fare rete, ascoltare le problematiche che quotidianamente affrontano; promuovere sin dalle scuole corsi di imprenditorialit\u00e0 mirati alle ragazze o che almeno le coinvolgano.<br \/>\nUn altro fronte \u00e8 quello legato alle risorse dell&#8217;Ue. C\u2019\u00e8 la necessit\u00e0 di rafforzare la partecipazione del Comune di Latina alle politiche europee. Un\u2019amministrazione comunale deve essere in grado di intercettare i fondi europei 2021-2027 in tutti i settori, dallo sviluppo urbanistico al sociale, dal sostegno alle imprese e al commercio alla digitalizzazione, dai progetti green ai giovani. La partecipazione a progetti comunitari e partnership internazionali per portare a casa, appunto, risorse e contributi. All\u2019ente municipale, in particolare, spetta il compito di definire le priorit\u00e0, fornire documenti, studi, contatti istituzionali di supporto alla stesura dei progetti comunitari. I programmi europei 2021\/2027 mettono a disposizione ingenti risorse per chi sapr\u00e0 coglierle per rigenerare il territorio e questo accordo va in tale direzione. Penso soprattutto al programma \u201cnext generation\u201d per un\u2019Europa pi\u00f9 verde, connessa, digitale e vicina ai giovani. Sono certa che questa sia un&#8217;opportunit\u00e0 indispensabile per ridare slancio in termini di sviluppo ed occupazione di questo territorio&#8221;.\u00a0Lo dichiara in una nota Clarita Pucci, candidata di Forza Italia alle elezioni comunali di Latina del 3 e 4 ottobre.<\/p>\n","protected":false},"excerpt":{"rendered":"<p>LATINA &#8211; &#8220;Imprenditoria femminile e partecipazione ai progetti europei. Questi gli ambiti sui quali posso dare un contributo importante per la crescita e lo sviluppo di Latina. Mi candido al Consiglio comunale con Forza Italia e sostengo la corsa a sindaco di Vincenzo Zaccheo. A mio avviso le imprese femminili devono essere protagoniste del sistema [&hellip;]<\/p>\n","protected":false},"author":60,"featured_media":0,"comment_status":"open","ping_status":"open","sticky":false,"template":"","format":"standard","meta":{"footnotes":""},"categories":[8],"tags":[],"class_list":["post-298041","post","type-post","status-publish","format-standard","hentry","category-politica"],"_links":{"self":[{"href":"https:\/\/www.radioluna.it\/news\/wp-json\/wp\/v2\/posts\/298041","targetHints":{"allow":["GET"]}}],"collection":[{"href":"https:\/\/www.radioluna.it\/news\/wp-json\/wp\/v2\/posts"}],"about":[{"href":"https:\/\/www.radioluna.it\/news\/wp-json\/wp\/v2\/types\/post"}],"author":[{"embeddable":true,"href":"https:\/\/www.radioluna.it\/news\/wp-json\/wp\/v2\/users\/60"}],"replies":[{"embeddable":true,"href":"https:\/\/www.radioluna.it\/news\/wp-json\/wp\/v2\/comments?post=298041"}],"version-history":[{"count":0,"href":"https:\/\/www.radioluna.it\/news\/wp-json\/wp\/v2\/posts\/298041\/revisions"}],"wp:attachment":[{"href":"https:\/\/www.radioluna.it\/news\/wp-json\/wp\/v2\/media?parent=298041"}],"wp:term":[{"taxonomy":"category","embeddable":true,"href":"https:\/\/www.radioluna.it\/news\/wp-json\/wp\/v2\/categories?post=298041"},{"taxonomy":"post_tag","embeddable":true,"href":"https:\/\/www.radioluna.it\/news\/wp-json\/wp\/v2\/tags?post=298041"}],"curies":[{"name":"wp","href":"https:\/\/api.w.org\/{rel}","templated":true}]}}