{"id":298141,"date":"2021-09-27T11:03:58","date_gmt":"2021-09-27T09:03:58","guid":{"rendered":"https:\/\/www.radioluna.it\/news\/?p=298141"},"modified":"2021-09-28T14:19:24","modified_gmt":"2021-09-28T12:19:24","slug":"latina-ricordiamo-fabio-nel-modo-piu-luminoso-con-la-sua-passione-per-il-teatro","status":"publish","type":"post","link":"https:\/\/www.radioluna.it\/news\/2021\/09\/latina-ricordiamo-fabio-nel-modo-piu-luminoso-con-la-sua-passione-per-il-teatro\/","title":{"rendered":"&#8220;Ricordiamo Fabio nel modo pi\u00f9 luminoso con la sua passione per il teatro e la musica&#8221;"},"content":{"rendered":"<div id=\"fb-root\"><\/div>\n<p style=\"text-align: justify;\"><strong>LATINA<\/strong> &#8211; Stasera, luned\u00ec 27 settembre alle 20, 45 al <strong>Teatro Fellini di Pontinia<\/strong>, due giovani talenti, di 11 finalisti che si esibiranno, vinceranno il concorso<strong> &#8220;Io sono Enea&#8221;<\/strong>\u00a0 voluto da <strong>Marco Gianfreda e Lisa Perrillo<\/strong>.<\/p>\n<p style=\"text-align: justify;\">&#8220;L&#8217;idea nasce da un evento molto tragico che \u00e8 la morte di mio figlio, dal quale abbiamo provato a tirare fuori la parte pi\u00f9 luminosa\u00a0 &#8211; racconta Marco Gianfreda\u00a0 &#8211; <strong>Fabio<\/strong> era un talentuoso attore e un cantante promettente e per questo abbiamo deciso, insieme con <strong>Clap<\/strong>,\u00a0 di supportare giovani talenti di Latina e della sua provincia, offrendo due borse di studio, una per il canto e una per la recitazione, che consistono in un\u00a0 intero anno di corso gratuito presso la sede di Clap&#8221;.<\/p>\n<p style=\"text-align: justify;\">Durante la serata si esibiranno anche Stefano Furlan regista della serata, fondatore di<strong> Latitudine Teatro<\/strong> che, insieme con <strong>Voice Accademy<\/strong> e la <strong>Bottega degli Errori<\/strong> compongono Clap;\u00a0 Clemente Pernarella e Melania Maccaferri che con\u00a0 la loro associazione gestiscono il teatro Fellini; Giovanni Silvia, il maestro di canto di Fabio Gianfreda; e poi Morris Sarra, Michela Sarno, Adele Mattocci, Claudia Guarnieri e Veronica Flamini.<\/p>\n<p style=\"text-align: justify;\">&#8220;Sar\u00e0 una serata molto bella, divertente e piena di emozioni e che ci aiuter\u00e0 anche a riflettere su alcuni importanti aspetti della nostra societ\u00e0 &#8211; aggiunge Marco &#8211; Questo \u00e8 solo un primo passo, ma sono tanti i progetti che vorremmo portare avanti&#8221;.<\/p>\n<p style=\"text-align: justify;\">Gli 11 finalisti sono: Alessandro Federici, Chiara Dello Vicario, Daniela Lo Vecchio, Francesco Toni, Francesca Naletto, Giulia Petrini, Marta Marchetti, Isabella Zangrillo, Veronica Mastrillo, Mario Livignani e Riccardo D&#8217;Ascenzi.<\/p>\n<p><strong>Il racconto di Marco Gianfreda su Radio Immagine<\/strong><\/p>\n<audio class=\"wp-audio-shortcode\" id=\"audio-298141-1\" preload=\"none\" style=\"width: 100%;\" controls=\"controls\"><source type=\"audio\/mpeg\" src=\"https:\/\/www.radioluna.it\/news\/wp-content\/uploads\/2021\/09\/marco-gianfreda-27-settembre-per-sito.mp3?_=1\" \/><a href=\"https:\/\/www.radioluna.it\/news\/wp-content\/uploads\/2021\/09\/marco-gianfreda-27-settembre-per-sito.mp3\">https:\/\/www.radioluna.it\/news\/wp-content\/uploads\/2021\/09\/marco-gianfreda-27-settembre-per-sito.mp3<\/a><\/audio>\n<p>&nbsp;<\/p>\n<div class=\"radio-posizionamento-telefono-in-articoli-dopo-il-contenuto-articolo radio-entity-placement\" id=\"radio-1203511052\"><div id=\"radio-1240346256\"><a href=\"https:\/\/www.simeoneceramiche.com\/\" aria-label=\"SIMEONE CERAMICHE GIF animata per radioluna_Tavola disegno 1 copia 2 (online-video-cutter.com)\"><img loading=\"lazy\" decoding=\"async\" src=\"https:\/\/www.radioluna.it\/news\/wp-content\/uploads\/2025\/05\/SIMEONE-CERAMICHE-GIF-animata-per-radioluna_Tavola-disegno-1-copia-2-online-video-cutter.com_.gif\" alt=\"\"  width=\"300\" height=\"250\"   \/><\/a><\/div><\/div>","protected":false},"excerpt":{"rendered":"<p>LATINA &#8211; Stasera, luned\u00ec 27 settembre alle 20, 45 al Teatro Fellini di Pontinia, due giovani talenti, di 11 finalisti che si esibiranno, vinceranno il concorso &#8220;Io sono Enea&#8221;\u00a0 voluto da Marco Gianfreda e Lisa Perrillo. &#8220;L&#8217;idea nasce da un evento molto tragico che \u00e8 la morte di mio figlio, dal quale abbiamo provato a [&hellip;]<\/p>\n","protected":false},"author":62,"featured_media":298142,"comment_status":"open","ping_status":"open","sticky":false,"template":"","format":"standard","meta":{"footnotes":""},"categories":[735,2310],"tags":[4713,4665,4672,23,4440,4666,2154,5113],"class_list":["post-298141","post","type-post","status-publish","format-standard","has-post-thumbnail","hentry","category-attualita","category-audio","tag-clap","tag-fabio-gianfreda","tag-io-sono-enea","tag-latina","tag-lisa-perrillo","tag-marco-gianfreda","tag-notizie-di-latina","tag-teatro-fellini-pontinia"],"_links":{"self":[{"href":"https:\/\/www.radioluna.it\/news\/wp-json\/wp\/v2\/posts\/298141","targetHints":{"allow":["GET"]}}],"collection":[{"href":"https:\/\/www.radioluna.it\/news\/wp-json\/wp\/v2\/posts"}],"about":[{"href":"https:\/\/www.radioluna.it\/news\/wp-json\/wp\/v2\/types\/post"}],"author":[{"embeddable":true,"href":"https:\/\/www.radioluna.it\/news\/wp-json\/wp\/v2\/users\/62"}],"replies":[{"embeddable":true,"href":"https:\/\/www.radioluna.it\/news\/wp-json\/wp\/v2\/comments?post=298141"}],"version-history":[{"count":0,"href":"https:\/\/www.radioluna.it\/news\/wp-json\/wp\/v2\/posts\/298141\/revisions"}],"wp:featuredmedia":[{"embeddable":true,"href":"https:\/\/www.radioluna.it\/news\/wp-json\/wp\/v2\/media\/298142"}],"wp:attachment":[{"href":"https:\/\/www.radioluna.it\/news\/wp-json\/wp\/v2\/media?parent=298141"}],"wp:term":[{"taxonomy":"category","embeddable":true,"href":"https:\/\/www.radioluna.it\/news\/wp-json\/wp\/v2\/categories?post=298141"},{"taxonomy":"post_tag","embeddable":true,"href":"https:\/\/www.radioluna.it\/news\/wp-json\/wp\/v2\/tags?post=298141"}],"curies":[{"name":"wp","href":"https:\/\/api.w.org\/{rel}","templated":true}]}}