{"id":298148,"date":"2021-09-27T19:11:53","date_gmt":"2021-09-27T17:11:53","guid":{"rendered":"https:\/\/www.radioluna.it\/news\/?p=298148"},"modified":"2021-09-28T13:33:20","modified_gmt":"2021-09-28T11:33:20","slug":"sport-e-cultura-incontro-del-m5s-con-lon-spadafora-e-il-produttore-lardieri","status":"publish","type":"post","link":"https:\/\/www.radioluna.it\/news\/2021\/09\/sport-e-cultura-incontro-del-m5s-con-lon-spadafora-e-il-produttore-lardieri\/","title":{"rendered":"Sport e Cultura, incontro del M5S con l&#8217;on Spadafora e il produttore Lardieri"},"content":{"rendered":"<div id=\"fb-root\"><\/div>\n<p style=\"text-align: justify;\"><strong>LATINA &#8211;<\/strong> Il Movimento 5 Stelle continua la propria campagna elettorale, il giorno 28 settembre dalle 18,30 alle 20,00 presso il Parco Susetta Guerrini, mettendo in evidenza le proprie idee programmatiche sullo Sport e la Cultura. Ci saranno il Deputato Vincenzo Spadafora, gi\u00e0 Ministro per le politiche giovanili e lo sport nel Governo Conte II,\u00a0 e il produttore cinematografico Luca Lardieri.<\/p>\n<p style=\"text-align: justify;\">Durante l\u2019evento si porr\u00e0 massima attenzione\u00a0 &#8211; spiegano gli attivisti &#8211; a quanto l\u2019amministrazione comunale dovrebbe mettere in campo per sviluppare, organizzare e promuovere le iniziative in campo culturale e sportivo. Si parler\u00e0 del Teatro comunale e di come sviluppare fattivamente i processi culturali sul territorio, con il supporto delle associazioni locali dove il comune deve essere il soggetto portante. Si affronter\u00e0 l\u2019argomento \u201csport\u201d mettendo in evidenza le criticit\u00e0 del settore a livello locale, dove associazioni, societ\u00e0 sportive, federazioni, CONI, scuola ed universit\u00e0 posso dire la loro per uno sviluppo di uno sport per tutti, dai bambini agli anziani, dai dilettanti ai professionisti, dagli sport \u201cprivilegiati\u201d agli sport minori, ai diversamente abili.<\/p>\n<p style=\"text-align: justify;\">Saranno messi in evidenza i progetti di rigenerazione su tutte le strutture comunali. Il Movimento 5 Stelle ritiene di poter sviluppare azioni concrete, come per le altre aree programmatiche, anche per SPORT e CULTURA.<\/p>\n<div class=\"radio-posizionamento-telefono-in-articoli-dopo-il-contenuto-articolo radio-entity-placement\" id=\"radio-4279609772\"><div id=\"radio-3587134913\"><a href=\"https:\/\/grupporedi.it\/\" aria-label=\"Redi-Qr\"><img loading=\"lazy\" decoding=\"async\" src=\"https:\/\/www.radioluna.it\/news\/wp-content\/uploads\/2026\/03\/Redi-Qr.jpg\" alt=\"\"  srcset=\"https:\/\/www.radioluna.it\/news\/wp-content\/uploads\/2026\/03\/Redi-Qr.jpg 800w, https:\/\/www.radioluna.it\/news\/wp-content\/uploads\/2026\/03\/Redi-Qr-768x639.jpg 768w\" sizes=\"(max-width: 800px) 100vw, 800px\" width=\"300\" height=\"250\"   \/><\/a><\/div><\/div>","protected":false},"excerpt":{"rendered":"<p>LATINA &#8211; Il Movimento 5 Stelle continua la propria campagna elettorale, il giorno 28 settembre dalle 18,30 alle 20,00 presso il Parco Susetta Guerrini, mettendo in evidenza le proprie idee programmatiche sullo Sport e la Cultura. Ci saranno il Deputato Vincenzo Spadafora, gi\u00e0 Ministro per le politiche giovanili e lo sport nel Governo Conte II,\u00a0 [&hellip;]<\/p>\n","protected":false},"author":62,"featured_media":298149,"comment_status":"open","ping_status":"open","sticky":false,"template":"","format":"standard","meta":{"footnotes":""},"categories":[8],"tags":[],"class_list":["post-298148","post","type-post","status-publish","format-standard","has-post-thumbnail","hentry","category-politica"],"_links":{"self":[{"href":"https:\/\/www.radioluna.it\/news\/wp-json\/wp\/v2\/posts\/298148","targetHints":{"allow":["GET"]}}],"collection":[{"href":"https:\/\/www.radioluna.it\/news\/wp-json\/wp\/v2\/posts"}],"about":[{"href":"https:\/\/www.radioluna.it\/news\/wp-json\/wp\/v2\/types\/post"}],"author":[{"embeddable":true,"href":"https:\/\/www.radioluna.it\/news\/wp-json\/wp\/v2\/users\/62"}],"replies":[{"embeddable":true,"href":"https:\/\/www.radioluna.it\/news\/wp-json\/wp\/v2\/comments?post=298148"}],"version-history":[{"count":0,"href":"https:\/\/www.radioluna.it\/news\/wp-json\/wp\/v2\/posts\/298148\/revisions"}],"wp:featuredmedia":[{"embeddable":true,"href":"https:\/\/www.radioluna.it\/news\/wp-json\/wp\/v2\/media\/298149"}],"wp:attachment":[{"href":"https:\/\/www.radioluna.it\/news\/wp-json\/wp\/v2\/media?parent=298148"}],"wp:term":[{"taxonomy":"category","embeddable":true,"href":"https:\/\/www.radioluna.it\/news\/wp-json\/wp\/v2\/categories?post=298148"},{"taxonomy":"post_tag","embeddable":true,"href":"https:\/\/www.radioluna.it\/news\/wp-json\/wp\/v2\/tags?post=298148"}],"curies":[{"name":"wp","href":"https:\/\/api.w.org\/{rel}","templated":true}]}}