{"id":298161,"date":"2021-09-27T15:56:37","date_gmt":"2021-09-27T13:56:37","guid":{"rendered":"https:\/\/www.radioluna.it\/news\/?p=298161"},"modified":"2021-09-27T15:56:37","modified_gmt":"2021-09-27T13:56:37","slug":"torna-a-latina-il-festival-del-circo-tutto-pronto-per-la-22esima-edizione","status":"publish","type":"post","link":"https:\/\/www.radioluna.it\/news\/2021\/09\/torna-a-latina-il-festival-del-circo-tutto-pronto-per-la-22esima-edizione\/","title":{"rendered":"Torna a Latina il Festival del Circo, tutto pronto per la 22esima edizione"},"content":{"rendered":"<div id=\"fb-root\"><\/div>\n<p style=\"text-align: justify;\"><strong>LATINA &#8211;<\/strong> Da Gioved\u00ec 14 a Luned\u00ec 18 Ottobre 2021 a Latina, si svolger\u00e0 la 22\u1d43 edizione dell\u2019International Circus Festival of Italy, l&#8217;attesa manifestazione circense, che promuove il Circo e lo spettacolo dal vivo. L&#8217;evento \u00e8 caratterizzato, come ogni anno, attorno alla competizione tra i migliori artisti circensi selezionati nei cinque continenti, che si esibiranno di fronte ad una Giuria Tecnica Internazionale, composta dai massimi esperti del settore e ad una Giuria della Critica, di cui faranno parte giornalisti e personalit\u00e0 del mondo dello spettacolo. Molte le novit\u00e0 legate alla 22\u1d43 edizione, prima fra tutte, il ritorno degli eventi collaterali rivolti alla Citt\u00e0 di Latina, si comincia venerd\u00ec 15 alle ore 18.00, nel foyer del circo, l&#8217;appuntamento con la 7\u00aa edizione del \u201cCaff\u00e8 letterario a tema circense\u201d, protagonisti dell&#8217;incontro fumettisti, scrittori e ovviamente artisti che sveleranno alcuni aspetti, decisamente avvincenti, della vita dei circensi. Sempre nel foyer del tendone della 22\u00aa edizione dell\u2019International Circus Festival of Italy, per tutta la durata del festival, lo spazio espositivo a tema circense, \u201cCircus Expo\u201d dove fotografi, pittori, scultori, collezionisti, appassionati di modellismo ed artisti possono esporre le proprie opere. L\u2019esposizione sar\u00e0 sempre accessibile fino ad un&#8217;ora prima dell\u2019inizio di ogni spettacolo. Da non perdere poi la suggestiva funzione religiosa celebrata in pi\u00f9 lingue nella pista del Festival. La S. Messa Internazionale, aperta a tutti, \u00e8 in calendario per domenica 17 ottobre alle ore 11,00. Durante la celebrazione della S. Messa, \u00a0si reciter\u00e0 una\u00a0 particolare preghiera di ringraziamento che vedr\u00e0 l&#8217;esibizione di alcuni artisti del Festival. La partecipazione a tutti gli eventi collaterali al Festival \u00e8, come sempre, libera e gratuita. L\u2019altra imperdibile novit\u00e0 \u00a0riguarda la presentazione degli spettacoli, al fianco dello storico presentatore ufficiale del Festival, Andrea Giachi, arriva la bellissima Alessia Dell&#8217;acqua, saranno loro a guidare la numerosa platea nell\u2019emozione degli spettacoli. Le discipline rappresentate saranno le pi\u00f9 care alla tradizione circense, dalla giocoleria l&#8217;equilibrismo, dai numeri aerei al contorsionismo ma anche il trapezio e tanti altri. La direzione artistica \u00e8 di Fabio Montico mentre la Direzione di pista \u00e8 affidata all\u2019infallibile Tommy Cardarelli coadiuvato dagli insuperabili Ruby Merzari, Rony Vassallo e Fabrizio Montico. La formula della competizione \u00e8 sempre la stessa, gli artisti in gara saranno divisi in due spettacoli, lo spettacolo A e lo spettacolo B, si esibiranno, con orari diversi, davanti alle giurie che decreteranno i vincitori che si aggiudicheranno gli ambiti premi \u201cLatina d\u2019Oro\u201d, \u201cLatina d\u2019Argento\u201d e \u201cLatina di Bronzo\u201d che saranno consegnati durante la finale del 18 Ottobre.\u00a0 Visto il limitato numero di posti disponibili, si consiglia di prenotare per tempo tramite e-mail a prenotazione@festivalcircolatina.com, oppure chiamando il \u00a0351 566 6796.<\/p>\n<p style=\"text-align: justify;\">Calendario degli spettacoli:<br \/>\nGioved\u00ec 14 Ottobre ore 21 (spettacolo A);<br \/>\nVenerd\u00ec 15 Ottobre ore 21 (spettacolo B);<br \/>\nSabato 16 Ottobre ore 16.30 (spettacolo B) e ore 21.00 (spettacolo A);<br \/>\nDomenica 17 Ottobre ore 15.30 (spettacolo A) e ore 19.00 (spettacolo B);<br \/>\nLuned\u00ec 18 Ottobre ore 20.30, Spettacolo di Gala e premiazione dei vincitori.<\/p>\n<p style=\"text-align: justify;\">Spettacoli A e B: Gli spettacoli denominati A e B, pur essendo diversi, sono di identico ed elevatissimo livello dal punto di vista artistico e corrispondono esclusivamente alla ripartizione degli artisti in gara in due gruppi. Gli \u201cSpecial Guest\u201d saranno presenti in tutti gli spettacoli.<\/p>\n<div class=\"radio-posizionamento-telefono-in-articoli-dopo-il-contenuto-articolo radio-entity-placement\" id=\"radio-3114038559\"><div id=\"radio-1090519903\"><a href=\"https:\/\/grupporedi.it\/\" aria-label=\"Redi-Qr\"><img loading=\"lazy\" decoding=\"async\" src=\"https:\/\/www.radioluna.it\/news\/wp-content\/uploads\/2026\/03\/Redi-Qr.jpg\" alt=\"\"  srcset=\"https:\/\/www.radioluna.it\/news\/wp-content\/uploads\/2026\/03\/Redi-Qr.jpg 800w, https:\/\/www.radioluna.it\/news\/wp-content\/uploads\/2026\/03\/Redi-Qr-768x639.jpg 768w\" sizes=\"(max-width: 800px) 100vw, 800px\" width=\"300\" height=\"250\"   \/><\/a><\/div><\/div>","protected":false},"excerpt":{"rendered":"<p>LATINA &#8211; Da Gioved\u00ec 14 a Luned\u00ec 18 Ottobre 2021 a Latina, si svolger\u00e0 la 22\u1d43 edizione dell\u2019International Circus Festival of Italy, l&#8217;attesa manifestazione circense, che promuove il Circo e lo spettacolo dal vivo. L&#8217;evento \u00e8 caratterizzato, come ogni anno, attorno alla competizione tra i migliori artisti circensi selezionati nei cinque continenti, che si esibiranno [&hellip;]<\/p>\n","protected":false},"author":60,"featured_media":0,"comment_status":"open","ping_status":"open","sticky":false,"template":"","format":"standard","meta":{"footnotes":""},"categories":[16],"tags":[],"class_list":["post-298161","post","type-post","status-publish","format-standard","hentry","category-appuntamenti"],"_links":{"self":[{"href":"https:\/\/www.radioluna.it\/news\/wp-json\/wp\/v2\/posts\/298161","targetHints":{"allow":["GET"]}}],"collection":[{"href":"https:\/\/www.radioluna.it\/news\/wp-json\/wp\/v2\/posts"}],"about":[{"href":"https:\/\/www.radioluna.it\/news\/wp-json\/wp\/v2\/types\/post"}],"author":[{"embeddable":true,"href":"https:\/\/www.radioluna.it\/news\/wp-json\/wp\/v2\/users\/60"}],"replies":[{"embeddable":true,"href":"https:\/\/www.radioluna.it\/news\/wp-json\/wp\/v2\/comments?post=298161"}],"version-history":[{"count":0,"href":"https:\/\/www.radioluna.it\/news\/wp-json\/wp\/v2\/posts\/298161\/revisions"}],"wp:attachment":[{"href":"https:\/\/www.radioluna.it\/news\/wp-json\/wp\/v2\/media?parent=298161"}],"wp:term":[{"taxonomy":"category","embeddable":true,"href":"https:\/\/www.radioluna.it\/news\/wp-json\/wp\/v2\/categories?post=298161"},{"taxonomy":"post_tag","embeddable":true,"href":"https:\/\/www.radioluna.it\/news\/wp-json\/wp\/v2\/tags?post=298161"}],"curies":[{"name":"wp","href":"https:\/\/api.w.org\/{rel}","templated":true}]}}