{"id":298189,"date":"2021-09-28T14:04:39","date_gmt":"2021-09-28T12:04:39","guid":{"rendered":"https:\/\/www.radioluna.it\/news\/?p=298189"},"modified":"2021-09-28T14:04:39","modified_gmt":"2021-09-28T12:04:39","slug":"la-celentano-sprona-la-sua-coalizione-diamo-il-massimo-per-il-rush-finale","status":"publish","type":"post","link":"https:\/\/www.radioluna.it\/news\/2021\/09\/la-celentano-sprona-la-sua-coalizione-diamo-il-massimo-per-il-rush-finale\/","title":{"rendered":"La Celentano sprona la sua coalizione: \u201cDiamo il massimo per il rush finale&#8221;"},"content":{"rendered":"<div id=\"fb-root\"><\/div>\n<p style=\"text-align: justify;\"><strong>LATINA<\/strong> &#8211; \u201cDare il massimo negli ultimi giorni di campagna elettorale, confermando la nostra presenza costante sul territorio e la vicinanza alle persone gi\u00e0 dimostrate in cinque anni di lavoro sui banchi dell\u2019opposizione\u201d: Matilde Celentano ha voluto spronare tutti i candidati di Fratelli d\u2019Italia e dell\u2019intera coalizione di centrodestra, perch\u00e9 in questo rush finale che precede l\u2019appuntamento con le urne si pu\u00f2 fare di pi\u00f9. Nel lustro appena trascorso si \u00e8 fatta conoscere come consigliera comunale ma sono in tanti ad apprezzarla anche come medico, da anni impegnata con l\u2019associazionismo su tutto il territorio.<\/p>\n<p style=\"text-align: justify;\">\u201cE\u2019 ora di restituire Latina alla sua connotazione storica. La nostra citt\u00e0 \u00e8 sempre stata un laboratorio della Destra italiana e deve tornare ad esserlo dopo cinque anni di assoluto oscurantismo. Al contrario di quanto affermano in Lbc, Latina \u00e8 stata sottratta ai latinensi perch\u00e9 in questi anni ha perso la sua identit\u00e0. Ecco perch\u00e9 a Fratelli d\u2019Italia e all\u2019intera coalizione spetta una responsabilit\u00e0 importante: dobbiamo vincere al primo turno e iniziare subito a costruire con lungimiranza, competenza e presenza sul territorio. E\u2019 arrivato il momento di ricominciare ad assaporare il vero valore della politica e del confronto, aspetti del tutto dimenticati dall\u2019attuale Amministrazione. Personalmente ho svolto con passione il mio ruolo all\u2019interno dell\u2019Opposizione, ma adesso \u00e8 giunta l\u2019ora di proporre e mettere in pratica le nostre idee. Avanti tutta, quindi: il Centrodestra deve riprendersi la citt\u00e0!\u201d.<\/p>\n<p>&nbsp;<\/p>\n<div class=\"radio-posizionamento-telefono-in-articoli-dopo-il-contenuto-articolo radio-entity-placement\" id=\"radio-283721343\"><div id=\"radio-2848082459\" style=\"width: 300px;height: 250px;\"><a href=\"https:\/\/www.icarspa.it\/auto\/usate\/latina\/\" aria-label=\"banner aprile icar new life &#8211; auto usate latina\"><img loading=\"lazy\" decoding=\"async\" src=\"https:\/\/www.radioluna.it\/news\/wp-content\/uploads\/2026\/02\/banner-aprile-icar-new-life-auto-usate-latina.gif\" alt=\"\"  width=\"300\" height=\"250\"   \/><\/a><\/div><\/div>","protected":false},"excerpt":{"rendered":"<p>LATINA &#8211; \u201cDare il massimo negli ultimi giorni di campagna elettorale, confermando la nostra presenza costante sul territorio e la vicinanza alle persone gi\u00e0 dimostrate in cinque anni di lavoro sui banchi dell\u2019opposizione\u201d: Matilde Celentano ha voluto spronare tutti i candidati di Fratelli d\u2019Italia e dell\u2019intera coalizione di centrodestra, perch\u00e9 in questo rush finale che [&hellip;]<\/p>\n","protected":false},"author":60,"featured_media":222372,"comment_status":"open","ping_status":"open","sticky":false,"template":"","format":"standard","meta":{"footnotes":""},"categories":[8],"tags":[],"class_list":["post-298189","post","type-post","status-publish","format-standard","has-post-thumbnail","hentry","category-politica"],"_links":{"self":[{"href":"https:\/\/www.radioluna.it\/news\/wp-json\/wp\/v2\/posts\/298189","targetHints":{"allow":["GET"]}}],"collection":[{"href":"https:\/\/www.radioluna.it\/news\/wp-json\/wp\/v2\/posts"}],"about":[{"href":"https:\/\/www.radioluna.it\/news\/wp-json\/wp\/v2\/types\/post"}],"author":[{"embeddable":true,"href":"https:\/\/www.radioluna.it\/news\/wp-json\/wp\/v2\/users\/60"}],"replies":[{"embeddable":true,"href":"https:\/\/www.radioluna.it\/news\/wp-json\/wp\/v2\/comments?post=298189"}],"version-history":[{"count":0,"href":"https:\/\/www.radioluna.it\/news\/wp-json\/wp\/v2\/posts\/298189\/revisions"}],"wp:featuredmedia":[{"embeddable":true,"href":"https:\/\/www.radioluna.it\/news\/wp-json\/wp\/v2\/media\/222372"}],"wp:attachment":[{"href":"https:\/\/www.radioluna.it\/news\/wp-json\/wp\/v2\/media?parent=298189"}],"wp:term":[{"taxonomy":"category","embeddable":true,"href":"https:\/\/www.radioluna.it\/news\/wp-json\/wp\/v2\/categories?post=298189"},{"taxonomy":"post_tag","embeddable":true,"href":"https:\/\/www.radioluna.it\/news\/wp-json\/wp\/v2\/tags?post=298189"}],"curies":[{"name":"wp","href":"https:\/\/api.w.org\/{rel}","templated":true}]}}