{"id":298192,"date":"2021-09-28T14:17:42","date_gmt":"2021-09-28T12:17:42","guid":{"rendered":"https:\/\/www.radioluna.it\/news\/?p=298192"},"modified":"2021-09-29T09:27:38","modified_gmt":"2021-09-29T07:27:38","slug":"latina-vaccinazione-covid-nel-lazio-al-via-la-terza-dose-per-gli-over-80-aprono-le-prenotazioni","status":"publish","type":"post","link":"https:\/\/www.radioluna.it\/news\/2021\/09\/latina-vaccinazione-covid-nel-lazio-al-via-la-terza-dose-per-gli-over-80-aprono-le-prenotazioni\/","title":{"rendered":"Vaccinazione covid, nel Lazio al via la terza dose per gli over 80: aprono le prenotazioni"},"content":{"rendered":"<div id=\"fb-root\"><\/div>\n<p style=\"text-align: justify;\"><strong>LATINA<\/strong> &#8211; Man mano che il comitato scientifico vara le norme sulla terza dose, nel Lazio si attivano i relativi percorsi. E&#8217; per questo che da domani a mezzanotte sar\u00e0 possibile prenotare, su Salutelazio.it, la terza dose di vaccino contro il covid\u00a0 per gli over 80 e non solo. Quando sono stati vaccinati oltre 6000 superfragili residenti nella regione, sono state stabilite le modalit\u00e0 di accesso e somministrazione della dose addizionale anche per gli ospiti delle RSA.<\/p>\n<p style=\"text-align: justify;\">Le prenotazioni, sul sito istituzionale dedicato alla campagna vaccinale, apriranno &#8211; secondo lo stile da sempre adottato nel Lazio &#8211;\u00a0 alla mezzanotte. Stavolta la data \u00e8 mercoled\u00ec 29 settembre alle ore 24,00, con la tessera sanitaria e scegliendo tra centro vaccinale o farmacia. Ma sar\u00e0 possibile anche prenotarsi presso il proprio medico di medicina generale.<\/p>\n<p style=\"text-align: justify;\">I primi, saranno gli over 80 che hanno completato il ciclo vaccinale entro il 31 marzo scorso 2021, una platea di circa 140mila persone. Se per\u00f2 avevano ricevuto la vaccinazione anti Covid19 a domicilio, verranno direttamente contattati dalle Asl.<\/p>\n<p style=\"text-align: justify;\">Per quanto riguarda invece gli ospiti delle Rsa o delle altre strutture residenziali riceveranno la dose addizionale direttamente dalle \u00e9quipe delle Asl, dalle Uscar o dalle strutture che li ospitano.<\/p>\n<p style=\"text-align: justify;\">&#8220;Nel Lazio c\u2019\u00e8 stato uno sforzo senza precedenti grazie al lavoro di squadra condotto dagli operatori sanitari e dalle Istituzioni. La nostra Regione si \u00e8 distinta per efficienza proprio verso i pi\u00f9 fragili&#8221;, ha detto oggi l&#8217;assessore regionale alla Sanit\u00e0 Alessio D&#8217;Amato intervenendo alla Sapienza alla presentazione dello studio sull&#8217;efficacia del vaccino condotto sui pazienti oncologici pubblicato\u00a0 su \u201cClinical Cancer Research\u201d rivista ufficiale dell\u2019American Association for Cancer Research (AACR).<\/p>\n","protected":false},"excerpt":{"rendered":"<p>LATINA &#8211; Man mano che il comitato scientifico vara le norme sulla terza dose, nel Lazio si attivano i relativi percorsi. E&#8217; per questo che da domani a mezzanotte sar\u00e0 possibile prenotare, su Salutelazio.it, la terza dose di vaccino contro il covid\u00a0 per gli over 80 e non solo. Quando sono stati vaccinati oltre 6000 [&hellip;]<\/p>\n","protected":false},"author":62,"featured_media":282484,"comment_status":"open","ping_status":"open","sticky":false,"template":"","format":"standard","meta":{"footnotes":""},"categories":[7,2616],"tags":[],"class_list":["post-298192","post","type-post","status-publish","format-standard","has-post-thumbnail","hentry","category-cronaca","category-sanita"],"_links":{"self":[{"href":"https:\/\/www.radioluna.it\/news\/wp-json\/wp\/v2\/posts\/298192","targetHints":{"allow":["GET"]}}],"collection":[{"href":"https:\/\/www.radioluna.it\/news\/wp-json\/wp\/v2\/posts"}],"about":[{"href":"https:\/\/www.radioluna.it\/news\/wp-json\/wp\/v2\/types\/post"}],"author":[{"embeddable":true,"href":"https:\/\/www.radioluna.it\/news\/wp-json\/wp\/v2\/users\/62"}],"replies":[{"embeddable":true,"href":"https:\/\/www.radioluna.it\/news\/wp-json\/wp\/v2\/comments?post=298192"}],"version-history":[{"count":0,"href":"https:\/\/www.radioluna.it\/news\/wp-json\/wp\/v2\/posts\/298192\/revisions"}],"wp:featuredmedia":[{"embeddable":true,"href":"https:\/\/www.radioluna.it\/news\/wp-json\/wp\/v2\/media\/282484"}],"wp:attachment":[{"href":"https:\/\/www.radioluna.it\/news\/wp-json\/wp\/v2\/media?parent=298192"}],"wp:term":[{"taxonomy":"category","embeddable":true,"href":"https:\/\/www.radioluna.it\/news\/wp-json\/wp\/v2\/categories?post=298192"},{"taxonomy":"post_tag","embeddable":true,"href":"https:\/\/www.radioluna.it\/news\/wp-json\/wp\/v2\/tags?post=298192"}],"curies":[{"name":"wp","href":"https:\/\/api.w.org\/{rel}","templated":true}]}}