{"id":298240,"date":"2021-09-28T21:32:39","date_gmt":"2021-09-28T19:32:39","guid":{"rendered":"https:\/\/www.radioluna.it\/news\/?p=298240"},"modified":"2021-09-30T09:24:06","modified_gmt":"2021-09-30T07:24:06","slug":"il-ministro-speranza-a-latina-lancia-coletta-damiano-la-nuova-politica-costruita-dal-basso","status":"publish","type":"post","link":"https:\/\/www.radioluna.it\/news\/2021\/09\/il-ministro-speranza-a-latina-lancia-coletta-damiano-la-nuova-politica-costruita-dal-basso\/","title":{"rendered":"Il Ministro Speranza a Latina lancia Coletta: &#8220;Damiano, la nuova politica costruita dal basso&#8221;"},"content":{"rendered":"<div id=\"fb-root\"><\/div>\n<p><img loading=\"lazy\" decoding=\"async\" class=\"aligncenter size-full wp-image-298242\" src=\"https:\/\/www.radioluna.it\/news\/wp-content\/uploads\/2021\/09\/Incontro-pubblico-Roberto-Speranza-per-Damiano-Coletta-28.9-3.jpg\" alt=\"\" width=\"1600\" height=\"1200\" srcset=\"https:\/\/www.radioluna.it\/news\/wp-content\/uploads\/2021\/09\/Incontro-pubblico-Roberto-Speranza-per-Damiano-Coletta-28.9-3.jpg 1600w, https:\/\/www.radioluna.it\/news\/wp-content\/uploads\/2021\/09\/Incontro-pubblico-Roberto-Speranza-per-Damiano-Coletta-28.9-3-768x576.jpg 768w, https:\/\/www.radioluna.it\/news\/wp-content\/uploads\/2021\/09\/Incontro-pubblico-Roberto-Speranza-per-Damiano-Coletta-28.9-3-1536x1152.jpg 1536w\" sizes=\"auto, (max-width: 1600px) 100vw, 1600px\" \/><\/p>\n<p style=\"text-align: justify;\"><strong>LATINA &#8211; <\/strong>E&#8217; arrivato a Latina, riuscendo a evitare i no vax, il Ministro della Salute Roberto Speranza, questa sera, a sorpresa per sostenere la ricandidatura di Damiano Coletta a sindaco di Latina. L\u2019incontro pubblico si \u00e8 tenuto nella sede del comitato elettorale di Via Cattaneo, accolto da Fabrizio Porcari del Pd e Francesco Pannone, tra i pi\u00f9 giovani, candidati al fianco del sindaco uscente.<br \/>\n\u201cHo fatto con piacere questo blitz a Latina \u2013 ha detto il ministro \u2013 Ho avuto modo di conoscere Damiano Coletta prima che diventasse sindaco e poi, in questi due anni, l\u2019ho incontrato a causa della pandemia e ho potuto apprezzarne le doti politiche, la seriet\u00e0, il rispetto, la sobriet\u00e0, il senso del lavoro, la capacit\u00e0 di ripiegarsi sui problemi. In politica c\u2019\u00e8 bisogno di chi coltivi queste virt\u00f9. Damiano Coletta \u00e8 stato un sindaco che ha pensato alla difesa dei beni pubblici e ai diritti fondamentali della persona: valori che condividiamo e che, sappiamo, non possono essere lasciati all\u2019individualismo; anche le persone hanno questa consapevolezza, in parte maturata anche nel corso della pandemia\u201d.<br \/>\n\u201cMi ha fatto immensamente piacere la visita del ministro Roberto Speranza stasera a Latina. Per me \u2013 ha dichiarato il sindaco Damiano Coletta\u2013 ha un significato particolare la sua presenza qui. Il Ministro ha operato con grande senso di responsabilit\u00e0 ed efficacia nella gestione della pandemia, garantendo la sicurezza del nostro Paese. Con lui mi lega un rapporto di profonda vicinanza, condividiamo valori importanti che sono quelli che stiamo portando avanti in questa campagna elettorale: il diritto alla salute, l\u2019equit\u00e0, il bene comune, l\u2019integrit\u00e0 morale, la fiducia nella scienza. Abbiamo avuto modo di parlare del Distretto della Salute e del nuovo ospedale e l\u2019augurio che ci siamo scambiati \u00e8 di poter inaugurare insieme l\u2019esecutivit\u00e0 di questi due grandi progetti, lui come ministro e io come sindaco&#8221;.<\/p>\n<p style=\"text-align: justify;\">In\u00a0 apertura del suo intervento pi\u00f9 volte interrotto dagli applausi, il suo augurio ai candidati e alle candidate per rigraziarli personalmente: &#8220;Ho l&#8217;onore di svolgere un ruolo importante come\u00a0 Ministro della Repubblica, sono stato a lungo parlamentare e capogruppo alla Camera del pi\u00f9 grande gruppo della storia repubblicana, ma se guardo alla mia esperienza, politica i momenti pi\u00f9 belli li ricordo da consigliere comunale nella mia citt\u00e0, Potenza.\u00a0 Pu\u00f2 sembrare un paradosso, ma fare la campagna elettorale, confrontarsi con i problemi reali delle singole persone, con le loro ansie, le sue preoccupazioni, \u00e8 il senso pi\u00f9 alto della politica. Quindi grazie per il vostro impegno&#8221;, ha detto il Ministro.<\/p>\n<p><strong>L&#8217;INTERVENTO<\/strong><\/p>\n<audio class=\"wp-audio-shortcode\" id=\"audio-298240-1\" preload=\"none\" style=\"width: 100%;\" controls=\"controls\"><source type=\"audio\/mpeg\" src=\"https:\/\/www.radioluna.it\/news\/wp-content\/uploads\/2021\/09\/speranza.mp3?_=1\" \/><a href=\"https:\/\/www.radioluna.it\/news\/wp-content\/uploads\/2021\/09\/speranza.mp3\">https:\/\/www.radioluna.it\/news\/wp-content\/uploads\/2021\/09\/speranza.mp3<\/a><\/audio>\n<p>Selfie finali e poi via con la scorta. Speranza \u00e8 ormai da tempo minacciato dai no -vax.<\/p>\n<div class=\"radio-posizionamento-telefono-in-articoli-dopo-il-contenuto-articolo radio-entity-placement\" id=\"radio-2964210118\"><div id=\"radio-2538156510\"><a href=\"https:\/\/www.simeoneceramiche.com\/\" aria-label=\"SIMEONE CERAMICHE GIF animata per radioluna_Tavola disegno 1 copia 2 (online-video-cutter.com)\"><img loading=\"lazy\" decoding=\"async\" src=\"https:\/\/www.radioluna.it\/news\/wp-content\/uploads\/2025\/05\/SIMEONE-CERAMICHE-GIF-animata-per-radioluna_Tavola-disegno-1-copia-2-online-video-cutter.com_.gif\" alt=\"\"  width=\"300\" height=\"250\"   \/><\/a><\/div><\/div>","protected":false},"excerpt":{"rendered":"<p>LATINA &#8211; E&#8217; arrivato a Latina, riuscendo a evitare i no vax, il Ministro della Salute Roberto Speranza, questa sera, a sorpresa per sostenere la ricandidatura di Damiano Coletta a sindaco di Latina. L\u2019incontro pubblico si \u00e8 tenuto nella sede del comitato elettorale di Via Cattaneo, accolto da Fabrizio Porcari del Pd e Francesco Pannone, [&hellip;]<\/p>\n","protected":false},"author":62,"featured_media":298241,"comment_status":"open","ping_status":"open","sticky":false,"template":"","format":"standard","meta":{"footnotes":""},"categories":[2310,8],"tags":[],"class_list":["post-298240","post","type-post","status-publish","format-standard","has-post-thumbnail","hentry","category-audio","category-politica"],"_links":{"self":[{"href":"https:\/\/www.radioluna.it\/news\/wp-json\/wp\/v2\/posts\/298240","targetHints":{"allow":["GET"]}}],"collection":[{"href":"https:\/\/www.radioluna.it\/news\/wp-json\/wp\/v2\/posts"}],"about":[{"href":"https:\/\/www.radioluna.it\/news\/wp-json\/wp\/v2\/types\/post"}],"author":[{"embeddable":true,"href":"https:\/\/www.radioluna.it\/news\/wp-json\/wp\/v2\/users\/62"}],"replies":[{"embeddable":true,"href":"https:\/\/www.radioluna.it\/news\/wp-json\/wp\/v2\/comments?post=298240"}],"version-history":[{"count":0,"href":"https:\/\/www.radioluna.it\/news\/wp-json\/wp\/v2\/posts\/298240\/revisions"}],"wp:featuredmedia":[{"embeddable":true,"href":"https:\/\/www.radioluna.it\/news\/wp-json\/wp\/v2\/media\/298241"}],"wp:attachment":[{"href":"https:\/\/www.radioluna.it\/news\/wp-json\/wp\/v2\/media?parent=298240"}],"wp:term":[{"taxonomy":"category","embeddable":true,"href":"https:\/\/www.radioluna.it\/news\/wp-json\/wp\/v2\/categories?post=298240"},{"taxonomy":"post_tag","embeddable":true,"href":"https:\/\/www.radioluna.it\/news\/wp-json\/wp\/v2\/tags?post=298240"}],"curies":[{"name":"wp","href":"https:\/\/api.w.org\/{rel}","templated":true}]}}