{"id":298264,"date":"2021-09-29T10:20:45","date_gmt":"2021-09-29T08:20:45","guid":{"rendered":"https:\/\/www.radioluna.it\/news\/?p=298264"},"modified":"2021-09-29T10:21:21","modified_gmt":"2021-09-29T08:21:21","slug":"latina-il-parco-urbano-delle-acque-medie-e-il-pnrr","status":"publish","type":"post","link":"https:\/\/www.radioluna.it\/news\/2021\/09\/latina-il-parco-urbano-delle-acque-medie-e-il-pnrr\/","title":{"rendered":"Latina, il Parco urbano delle Acque Medie e il Pnrr"},"content":{"rendered":"<div id=\"fb-root\"><\/div>\n<p style=\"text-align: justify;\"><strong>LATINA<\/strong> &#8211; Domani pomeriggio, mercoled\u00ec 29 settembre, si terr\u00e0 un incontro pubblico al Parco urbano delle Acque Medie a Latina. L&#8217;appuntamento \u00e8 alle 16:30 presso il Ponte delle Comete. Il titolo dell&#8217;incontro \u00e8 &#8220;Parco delle Acque Medie e PNRR: confronto sull&#8217;ipotesi progettuale con cittadini, associazioni e comitati di quartiere&#8221;. Interverranno: il Sindaco Damiano Coletta, l&#8217;ex assessore Roberto Lessio, Teresa Accattino di Urban Center, e i candidati consiglieri della lista Latina Bene Comune, Loretta Isotton, Gianni Rinaldi, Emanuele Di Russo.<\/p>\n<p>&nbsp;<\/p>\n","protected":false},"excerpt":{"rendered":"<p>LATINA &#8211; Domani pomeriggio, mercoled\u00ec 29 settembre, si terr\u00e0 un incontro pubblico al Parco urbano delle Acque Medie a Latina. L&#8217;appuntamento \u00e8 alle 16:30 presso il Ponte delle Comete. Il titolo dell&#8217;incontro \u00e8 &#8220;Parco delle Acque Medie e PNRR: confronto sull&#8217;ipotesi progettuale con cittadini, associazioni e comitati di quartiere&#8221;. Interverranno: il Sindaco Damiano Coletta, l&#8217;ex [&hellip;]<\/p>\n","protected":false},"author":60,"featured_media":298265,"comment_status":"open","ping_status":"open","sticky":false,"template":"","format":"standard","meta":{"footnotes":""},"categories":[8],"tags":[],"class_list":["post-298264","post","type-post","status-publish","format-standard","has-post-thumbnail","hentry","category-politica"],"_links":{"self":[{"href":"https:\/\/www.radioluna.it\/news\/wp-json\/wp\/v2\/posts\/298264","targetHints":{"allow":["GET"]}}],"collection":[{"href":"https:\/\/www.radioluna.it\/news\/wp-json\/wp\/v2\/posts"}],"about":[{"href":"https:\/\/www.radioluna.it\/news\/wp-json\/wp\/v2\/types\/post"}],"author":[{"embeddable":true,"href":"https:\/\/www.radioluna.it\/news\/wp-json\/wp\/v2\/users\/60"}],"replies":[{"embeddable":true,"href":"https:\/\/www.radioluna.it\/news\/wp-json\/wp\/v2\/comments?post=298264"}],"version-history":[{"count":0,"href":"https:\/\/www.radioluna.it\/news\/wp-json\/wp\/v2\/posts\/298264\/revisions"}],"wp:featuredmedia":[{"embeddable":true,"href":"https:\/\/www.radioluna.it\/news\/wp-json\/wp\/v2\/media\/298265"}],"wp:attachment":[{"href":"https:\/\/www.radioluna.it\/news\/wp-json\/wp\/v2\/media?parent=298264"}],"wp:term":[{"taxonomy":"category","embeddable":true,"href":"https:\/\/www.radioluna.it\/news\/wp-json\/wp\/v2\/categories?post=298264"},{"taxonomy":"post_tag","embeddable":true,"href":"https:\/\/www.radioluna.it\/news\/wp-json\/wp\/v2\/tags?post=298264"}],"curies":[{"name":"wp","href":"https:\/\/api.w.org\/{rel}","templated":true}]}}