{"id":298412,"date":"2021-09-30T18:20:09","date_gmt":"2021-09-30T16:20:09","guid":{"rendered":"https:\/\/www.radioluna.it\/news\/?p=298412"},"modified":"2021-09-30T18:20:09","modified_gmt":"2021-09-30T16:20:09","slug":"lombardi-a-ventotene-nasce-la-prima-comunita-energetica-rinnovabile-del-lazio","status":"publish","type":"post","link":"https:\/\/www.radioluna.it\/news\/2021\/09\/lombardi-a-ventotene-nasce-la-prima-comunita-energetica-rinnovabile-del-lazio\/","title":{"rendered":"Lombardi: &#8220;A Ventotene nasce la prima Comunit\u00e0 Energetica Rinnovabile del Lazio&#8221;"},"content":{"rendered":"<div id=\"fb-root\"><\/div>\n<p style=\"text-align: justify;\"><strong>VENTOTENE &#8211;<\/strong> \u201cLa prossima settimana, insieme al Sindaco di Ventotene, ad alcuni cittadini dell\u2019isola e con il supporto dell\u2019Universit\u00e0 La Sapienza e di un gruppo di giovani ingegneri premiati dalla Regione Lazio con il bando VITAMINA-G per il supporto alla nuova imprenditoria, daremo vita alla prima Comunit\u00e0 Energetica Rinnovabile del Lazio\u201d. Cos\u00ec Roberta Lombardi, assessora alla Transizione Ecologica e alla Trasformazione Digitale della Regione Lazio, durante un evento on line del Festival dello Sviluppo Sostenibile, annuncia la firma dell\u2019atto costitutivo della prima Comunit\u00e0 energetica del Lazio, prevista venerd\u00ec 8 ottobre.<\/p>\n<p style=\"text-align: justify;\">\u201cLa Comunit\u00e0 Energetica Rinnovabile Ventotene, che nascer\u00e0 come associazione aperta della cittadinanza e con il diretto coinvolgimento del Comune, \u00e8 un esempio virtuoso di coinvolgimento della comunit\u00e0 locale in un\u2019iniziativa che ha come scopo primario quello di creare benefici ambientali per l\u2019isola. \u2013 spiega Lombardi &#8211; Gli attori principali della comunit\u00e0 energetica sono: gli operatori locali del settore turismo, che sono pronti ad investire loro risorse per l\u2019installazione di impianti di produzione di energia alimentati da fonti rinnovabili, principalmente fotovoltaico e con un occhio rivolto anche a soluzioni innovative per il minieolico; l\u2019Universit\u00e0 La Sapienza, che grazie al lavoro di un gruppo di giovani ingegneri ha fornito il supporto tecnico per lo studio del fabbisogno energetico e per la progettazione dell\u2019impiantistica; la sede locale della Lega Navale che ha fornito supporto per le attivit\u00e0 di formazione legate alla creazione della comunit\u00e0 energetica; il Sindaco\u00a0 e la Giunta Comunale, che hanno supportato la creazione della Comunit\u00e0 Energetica dal punto di vista amministrativo, e hanno dato credibilit\u00e0 e autorevolezza al progetto. Venerd\u00ec 8 ottobre, da Ventotene spiegheremo inoltre come stiamo cercando di replicare questo esempio virtuoso anche nel resto del Lazio\u201d, conclude Lombardi.<\/p>\n<div class=\"radio-posizionamento-telefono-in-articoli-dopo-il-contenuto-articolo radio-entity-placement\" id=\"radio-1150265855\"><div id=\"radio-35266850\"><a href=\"https:\/\/grupporedi.it\/\" aria-label=\"Redi-Qr\"><img loading=\"lazy\" decoding=\"async\" src=\"https:\/\/www.radioluna.it\/news\/wp-content\/uploads\/2026\/03\/Redi-Qr.jpg\" alt=\"\"  srcset=\"https:\/\/www.radioluna.it\/news\/wp-content\/uploads\/2026\/03\/Redi-Qr.jpg 800w, https:\/\/www.radioluna.it\/news\/wp-content\/uploads\/2026\/03\/Redi-Qr-768x639.jpg 768w\" sizes=\"(max-width: 800px) 100vw, 800px\" width=\"300\" height=\"250\"   \/><\/a><\/div><\/div>","protected":false},"excerpt":{"rendered":"<p>VENTOTENE &#8211; \u201cLa prossima settimana, insieme al Sindaco di Ventotene, ad alcuni cittadini dell\u2019isola e con il supporto dell\u2019Universit\u00e0 La Sapienza e di un gruppo di giovani ingegneri premiati dalla Regione Lazio con il bando VITAMINA-G per il supporto alla nuova imprenditoria, daremo vita alla prima Comunit\u00e0 Energetica Rinnovabile del Lazio\u201d. Cos\u00ec Roberta Lombardi, assessora [&hellip;]<\/p>\n","protected":false},"author":62,"featured_media":293578,"comment_status":"open","ping_status":"open","sticky":false,"template":"","format":"standard","meta":{"footnotes":""},"categories":[12],"tags":[],"class_list":["post-298412","post","type-post","status-publish","format-standard","has-post-thumbnail","hentry","category-ambiente"],"_links":{"self":[{"href":"https:\/\/www.radioluna.it\/news\/wp-json\/wp\/v2\/posts\/298412","targetHints":{"allow":["GET"]}}],"collection":[{"href":"https:\/\/www.radioluna.it\/news\/wp-json\/wp\/v2\/posts"}],"about":[{"href":"https:\/\/www.radioluna.it\/news\/wp-json\/wp\/v2\/types\/post"}],"author":[{"embeddable":true,"href":"https:\/\/www.radioluna.it\/news\/wp-json\/wp\/v2\/users\/62"}],"replies":[{"embeddable":true,"href":"https:\/\/www.radioluna.it\/news\/wp-json\/wp\/v2\/comments?post=298412"}],"version-history":[{"count":0,"href":"https:\/\/www.radioluna.it\/news\/wp-json\/wp\/v2\/posts\/298412\/revisions"}],"wp:featuredmedia":[{"embeddable":true,"href":"https:\/\/www.radioluna.it\/news\/wp-json\/wp\/v2\/media\/293578"}],"wp:attachment":[{"href":"https:\/\/www.radioluna.it\/news\/wp-json\/wp\/v2\/media?parent=298412"}],"wp:term":[{"taxonomy":"category","embeddable":true,"href":"https:\/\/www.radioluna.it\/news\/wp-json\/wp\/v2\/categories?post=298412"},{"taxonomy":"post_tag","embeddable":true,"href":"https:\/\/www.radioluna.it\/news\/wp-json\/wp\/v2\/tags?post=298412"}],"curies":[{"name":"wp","href":"https:\/\/api.w.org\/{rel}","templated":true}]}}