{"id":298465,"date":"2021-10-01T14:12:04","date_gmt":"2021-10-01T12:12:04","guid":{"rendered":"https:\/\/www.radioluna.it\/news\/?p=298465"},"modified":"2021-10-03T09:19:57","modified_gmt":"2021-10-03T07:19:57","slug":"operato-al-goretti-torna-a-casa-e-muore-aperta-uninchiesta-sul-decesso-di-un-52enne-di-latina","status":"publish","type":"post","link":"https:\/\/www.radioluna.it\/news\/2021\/10\/operato-al-goretti-torna-a-casa-e-muore-aperta-uninchiesta-sul-decesso-di-un-52enne-di-latina\/","title":{"rendered":"Operato al Goretti torna a casa e muore: aperta un&#8217;inchiesta sul decesso di un 52enne di Latina"},"content":{"rendered":"<div id=\"fb-root\"><\/div>\n<p style=\"text-align: justify;\"><strong>LATINA &#8211;<\/strong> E\u2019 tornato a casa dopo essere stato sottoposto a un intervento di angioplastica coronarica che ha richiesto anche l\u2019inserimento di tre stent. Era stato ricoverato al Goretti per tre giorni, quindi dimesso come \u00e8\u00a0 prassi dopo il periodo di osservazione. Poi \u00e8 accaduto l&#8217;imprevedibile: tornato a casa nella giornata di ieri gioved\u00ec 30 settembre, il paziente, un uomo di Latina di 52 anni , nell&#8217;arco di mezz&#8217;ora ha avuto un malore che gli \u00e8 stato fatale ed \u00e8 morto sotto gli occhi della moglie.<\/p>\n<p style=\"text-align: justify;\">I familiari sotto shock e hanno presentato un esposto ai carabinieri per capire che cosa sia accaduto e se cui siano state negligenze o responsabilit\u00e0. Sulla vicenda la Procura della Repubblica ha aperto un fascicolo d&#8217;inchiesta contro ignoti e il magistrato di turno, il pm Giuseppe Miliano, ha disposto l&#8217;autopsia e il sequestro delle cartelle cliniche preso l\u2019ospedale Santa Maria Goretti.<\/p>\n<div class=\"radio-posizionamento-telefono-in-articoli-dopo-il-contenuto-articolo radio-entity-placement\" id=\"radio-2265698119\"><div id=\"radio-1466548090\"><a href=\"https:\/\/grupporedi.it\/\" aria-label=\"Redi-Qr\"><img loading=\"lazy\" decoding=\"async\" src=\"https:\/\/www.radioluna.it\/news\/wp-content\/uploads\/2026\/03\/Redi-Qr.jpg\" alt=\"\"  srcset=\"https:\/\/www.radioluna.it\/news\/wp-content\/uploads\/2026\/03\/Redi-Qr.jpg 800w, https:\/\/www.radioluna.it\/news\/wp-content\/uploads\/2026\/03\/Redi-Qr-768x639.jpg 768w\" sizes=\"(max-width: 800px) 100vw, 800px\" width=\"300\" height=\"250\"   \/><\/a><\/div><\/div>","protected":false},"excerpt":{"rendered":"<p>LATINA &#8211; E\u2019 tornato a casa dopo essere stato sottoposto a un intervento di angioplastica coronarica che ha richiesto anche l\u2019inserimento di tre stent. Era stato ricoverato al Goretti per tre giorni, quindi dimesso come \u00e8\u00a0 prassi dopo il periodo di osservazione. Poi \u00e8 accaduto l&#8217;imprevedibile: tornato a casa nella giornata di ieri gioved\u00ec 30 [&hellip;]<\/p>\n","protected":false},"author":60,"featured_media":212851,"comment_status":"open","ping_status":"open","sticky":false,"template":"","format":"standard","meta":{"footnotes":""},"categories":[7],"tags":[],"class_list":["post-298465","post","type-post","status-publish","format-standard","has-post-thumbnail","hentry","category-cronaca"],"_links":{"self":[{"href":"https:\/\/www.radioluna.it\/news\/wp-json\/wp\/v2\/posts\/298465","targetHints":{"allow":["GET"]}}],"collection":[{"href":"https:\/\/www.radioluna.it\/news\/wp-json\/wp\/v2\/posts"}],"about":[{"href":"https:\/\/www.radioluna.it\/news\/wp-json\/wp\/v2\/types\/post"}],"author":[{"embeddable":true,"href":"https:\/\/www.radioluna.it\/news\/wp-json\/wp\/v2\/users\/60"}],"replies":[{"embeddable":true,"href":"https:\/\/www.radioluna.it\/news\/wp-json\/wp\/v2\/comments?post=298465"}],"version-history":[{"count":0,"href":"https:\/\/www.radioluna.it\/news\/wp-json\/wp\/v2\/posts\/298465\/revisions"}],"wp:featuredmedia":[{"embeddable":true,"href":"https:\/\/www.radioluna.it\/news\/wp-json\/wp\/v2\/media\/212851"}],"wp:attachment":[{"href":"https:\/\/www.radioluna.it\/news\/wp-json\/wp\/v2\/media?parent=298465"}],"wp:term":[{"taxonomy":"category","embeddable":true,"href":"https:\/\/www.radioluna.it\/news\/wp-json\/wp\/v2\/categories?post=298465"},{"taxonomy":"post_tag","embeddable":true,"href":"https:\/\/www.radioluna.it\/news\/wp-json\/wp\/v2\/tags?post=298465"}],"curies":[{"name":"wp","href":"https:\/\/api.w.org\/{rel}","templated":true}]}}