{"id":298716,"date":"2021-10-06T07:16:10","date_gmt":"2021-10-06T05:16:10","guid":{"rendered":"https:\/\/www.radioluna.it\/news\/?p=298716"},"modified":"2021-10-06T10:26:55","modified_gmt":"2021-10-06T08:26:55","slug":"coletta-grazie-ai-21-mila-elettori-ce-la-giocheremo-fino-allultimo-minuto-e-invita-zaccheo-ad-un-confronto-in-piazza-sulla-citta-del-domani","status":"publish","type":"post","link":"https:\/\/www.radioluna.it\/news\/2021\/10\/coletta-grazie-ai-21-mila-elettori-ce-la-giocheremo-fino-allultimo-minuto-e-invita-zaccheo-ad-un-confronto-in-piazza-sulla-citta-del-domani\/","title":{"rendered":"Coletta: &#8220;Grazie ai 21 mila elettori, ce la giocheremo fino all&#8217;ultimo minuto&#8221;. E invita Zaccheo ad un confronto in Piazza sulla citt\u00e0 del domani"},"content":{"rendered":"<div id=\"fb-root\"><\/div>\n<p style=\"text-align: justify;\"><strong>LATINA<\/strong> &#8211; &#8220;Desidero ringraziare gli oltre 21mila elettori che hanno scelto di sostenere il nostro secondo tempo #PerLatina. Adesso inizia la partita finale in cui mostreremo tutta la nostra forza e il nostro coraggio. Dall\u2019altra parte hanno costruito una coalizione larghissima, mettendo insieme persone che si sono fatte la guerra per anni, con il solo scopo di fermare il cambiamento che stiamo portando avanti da 5 anni a Latina. Sono gli stessi che in passato hanno gi\u00e0 causato due commissariamenti. Una coalizione che il giorno dopo le elezioni torner\u00e0 a farsi la guerra. Eppure non hanno vinto. Ci speravano, erano in vantaggio 2-0 e invece alla fine del 90\u00b0 abbiamo pareggiato. Ora ci sono i tempi supplementari e ce la giocheremo fino all&#8217;ultimo minuto, fino all\u2019ultima goccia di sudore, convinti della nostra forza&#8221;. Lo ha scritto in un post pubblicato sui social il sindaco uscente Damiano Coletta dopo i risultati del primo turno amministrativo che lo vede andare al ballottaggio sia pure sotto di 13 punti percentuali rispetto al candidato del centrodestra ed ex sindaco Vincenzo Zaccheo.<br \/>\nPoi Coletta affida al web la sua analisi: &#8220;Siamo cresciuti tantissimo rispetto a 5 anni fa, sia in termini assoluti che percentuali, perci\u00f2 ora \u00e8 fondamentale che tutti coloro che ci hanno sostenuto al primo turno tornino a votarci. Convinceremo gli altri, quelli che hanno gi\u00e0 fatto una parte del percorso con noi, quelli che hanno votato il centrodestra ma non Zaccheo, quelli che si sono astenuti. Il mio appello \u00e8 rivolto veramente a tutti, perch\u00e9 al ballottaggio non \u00e8 in gioco il destino di Damiano Coletta ma il destino di Latina. Siamo di fronte a una scelta chiara: se portare la citt\u00e0 nel futuro continuando a lavorare a una dimensione sempre pi\u00f9 nazionale ed europea, che ci vede gi\u00e0 attivi con progetti moderni e di sviluppo, oppure far ritornare i soliti comitati d\u2019affari che l\u2019hanno affossata nel recente passato. \u00c8 una chiamata innanzitutto a difesa di Latina&#8221;.<\/p>\n<p style=\"text-align: justify;\">In conclusione: &#8221; Voglio ringraziare anche tutti gli altri competitor e i candidati consiglieri che hanno partecipato a queste elezioni. Quando si vota \u00e8 sempre una bella prova di democrazia&#8221;.<\/p>\n<p style=\"text-align: justify;\"><strong>IL CONFRONTO<\/strong> &#8211; La notizia che Zaccheo si sia reso disponibile ad un dibattito tv\u00a0 \u00e8 accolta positivamente. &#8220;Sono contento di poter avere finalmente un faccia a faccia con lui, vanno benissimo le tv nazionali e quelle locali, ma \u2013 compatibilmente con le regole anti-Covid \u2013 mi piacerebbe organizzare un confronto anche in piazza di fronte ai cittadini, perch\u00e9 tutti devono avere chiaro che stiamo di fronte a una scelta storica: il futuro e lo sviluppo sostenibile da una parte e le opacit\u00e0 del passato dall\u2019altra&#8221;.<\/p>\n","protected":false},"excerpt":{"rendered":"<p>LATINA &#8211; &#8220;Desidero ringraziare gli oltre 21mila elettori che hanno scelto di sostenere il nostro secondo tempo #PerLatina. Adesso inizia la partita finale in cui mostreremo tutta la nostra forza e il nostro coraggio. Dall\u2019altra parte hanno costruito una coalizione larghissima, mettendo insieme persone che si sono fatte la guerra per anni, con il solo [&hellip;]<\/p>\n","protected":false},"author":62,"featured_media":298457,"comment_status":"open","ping_status":"open","sticky":false,"template":"","format":"standard","meta":{"footnotes":""},"categories":[8],"tags":[],"class_list":["post-298716","post","type-post","status-publish","format-standard","has-post-thumbnail","hentry","category-politica"],"_links":{"self":[{"href":"https:\/\/www.radioluna.it\/news\/wp-json\/wp\/v2\/posts\/298716","targetHints":{"allow":["GET"]}}],"collection":[{"href":"https:\/\/www.radioluna.it\/news\/wp-json\/wp\/v2\/posts"}],"about":[{"href":"https:\/\/www.radioluna.it\/news\/wp-json\/wp\/v2\/types\/post"}],"author":[{"embeddable":true,"href":"https:\/\/www.radioluna.it\/news\/wp-json\/wp\/v2\/users\/62"}],"replies":[{"embeddable":true,"href":"https:\/\/www.radioluna.it\/news\/wp-json\/wp\/v2\/comments?post=298716"}],"version-history":[{"count":0,"href":"https:\/\/www.radioluna.it\/news\/wp-json\/wp\/v2\/posts\/298716\/revisions"}],"wp:featuredmedia":[{"embeddable":true,"href":"https:\/\/www.radioluna.it\/news\/wp-json\/wp\/v2\/media\/298457"}],"wp:attachment":[{"href":"https:\/\/www.radioluna.it\/news\/wp-json\/wp\/v2\/media?parent=298716"}],"wp:term":[{"taxonomy":"category","embeddable":true,"href":"https:\/\/www.radioluna.it\/news\/wp-json\/wp\/v2\/categories?post=298716"},{"taxonomy":"post_tag","embeddable":true,"href":"https:\/\/www.radioluna.it\/news\/wp-json\/wp\/v2\/tags?post=298716"}],"curies":[{"name":"wp","href":"https:\/\/api.w.org\/{rel}","templated":true}]}}