{"id":298767,"date":"2021-10-06T10:46:40","date_gmt":"2021-10-06T08:46:40","guid":{"rendered":"https:\/\/www.radioluna.it\/news\/?p=298767"},"modified":"2021-10-06T11:13:52","modified_gmt":"2021-10-06T09:13:52","slug":"latina-attesa-per-le-due-sezioni-ancora-da-scrutinare-e-mancano-allappello-le-preferenze-di-altre-tre","status":"publish","type":"post","link":"https:\/\/www.radioluna.it\/news\/2021\/10\/latina-attesa-per-le-due-sezioni-ancora-da-scrutinare-e-mancano-allappello-le-preferenze-di-altre-tre\/","title":{"rendered":"Latina, attesa per le due sezioni ancora da scrutinare, e mancano all&#8217;appello le preferenze di altre tre"},"content":{"rendered":"<div id=\"fb-root\"><\/div>\n<p style=\"text-align: justify;\"><strong>LATINA<\/strong> &#8211; Nessuno ne parla ufficialmente, ma a due giorni dalla chiusura delle urne, mancano all&#8217;appello ancora le preferenze di tre sezioni, che si aggiungono alle due sezioni che vengono scrutinate in queste ore dall&#8217;Ufficio elettorale dopo che i rispettivi presidenti hanno alzato le mani riconsegnando schede, registri e verbali al Comune di Latina. Quale sia stata la difficolt\u00e0 nello specifico non \u00e8 dato saperlo.<\/p>\n<p style=\"text-align: justify;\">Le <strong>sezioni<\/strong> di cui \u00e8 <strong>in corso lo scrutinio <\/strong>sono, come \u00e8 ormai noto,<strong> la 21 e la 46 <\/strong>(la prima nel seggio della Giuseppe Giuliano e l&#8217;altra presso la Leonardo Da Vinci)che\u00a0 non hanno completato le operazioni.<\/p>\n<p style=\"text-align: justify;\">Non sono state verbalizzate invece le sole preferenze nelle <strong>sezioni 5\u00a0 e\u00a0 51 a Latina citt\u00e0,<\/strong> oltre che della<strong> 74 a Latina Scalo<\/strong>. Non si tratta di un dato sostanziale ai fini del risultato elettorale che non cambier\u00e0 anche dopo la definizione di queste &#8220;mancanze&#8221; (Latina andr\u00e0 al ballottaggio e la maggioranza in Consiglio comunale rester\u00e0 al centrodestra), ma diversa \u00e8 la questione sul fronte degli ingressi nel prossimo consiglio comunale. Oltre ai difficili calcoli sui resti, infatti, le preferenze sono determinanti\u00a0 nei casi in cui lo scarto tra i candidati \u00e8 minimo e si gioca voto su voto.<\/p>\n<p style=\"text-align: justify;\">\n","protected":false},"excerpt":{"rendered":"<p>LATINA &#8211; Nessuno ne parla ufficialmente, ma a due giorni dalla chiusura delle urne, mancano all&#8217;appello ancora le preferenze di tre sezioni, che si aggiungono alle due sezioni che vengono scrutinate in queste ore dall&#8217;Ufficio elettorale dopo che i rispettivi presidenti hanno alzato le mani riconsegnando schede, registri e verbali al Comune di Latina. Quale [&hellip;]<\/p>\n","protected":false},"author":62,"featured_media":149725,"comment_status":"open","ping_status":"open","sticky":false,"template":"","format":"standard","meta":{"footnotes":""},"categories":[8],"tags":[],"class_list":["post-298767","post","type-post","status-publish","format-standard","has-post-thumbnail","hentry","category-politica"],"_links":{"self":[{"href":"https:\/\/www.radioluna.it\/news\/wp-json\/wp\/v2\/posts\/298767","targetHints":{"allow":["GET"]}}],"collection":[{"href":"https:\/\/www.radioluna.it\/news\/wp-json\/wp\/v2\/posts"}],"about":[{"href":"https:\/\/www.radioluna.it\/news\/wp-json\/wp\/v2\/types\/post"}],"author":[{"embeddable":true,"href":"https:\/\/www.radioluna.it\/news\/wp-json\/wp\/v2\/users\/62"}],"replies":[{"embeddable":true,"href":"https:\/\/www.radioluna.it\/news\/wp-json\/wp\/v2\/comments?post=298767"}],"version-history":[{"count":0,"href":"https:\/\/www.radioluna.it\/news\/wp-json\/wp\/v2\/posts\/298767\/revisions"}],"wp:featuredmedia":[{"embeddable":true,"href":"https:\/\/www.radioluna.it\/news\/wp-json\/wp\/v2\/media\/149725"}],"wp:attachment":[{"href":"https:\/\/www.radioluna.it\/news\/wp-json\/wp\/v2\/media?parent=298767"}],"wp:term":[{"taxonomy":"category","embeddable":true,"href":"https:\/\/www.radioluna.it\/news\/wp-json\/wp\/v2\/categories?post=298767"},{"taxonomy":"post_tag","embeddable":true,"href":"https:\/\/www.radioluna.it\/news\/wp-json\/wp\/v2\/tags?post=298767"}],"curies":[{"name":"wp","href":"https:\/\/api.w.org\/{rel}","templated":true}]}}