{"id":298787,"date":"2021-10-06T16:01:43","date_gmt":"2021-10-06T14:01:43","guid":{"rendered":"https:\/\/www.radioluna.it\/news\/?p=298787"},"modified":"2021-10-06T16:01:43","modified_gmt":"2021-10-06T14:01:43","slug":"amministrative-a-latina-fratelli-ditalia-primo-partito-nel-centrodestra","status":"publish","type":"post","link":"https:\/\/www.radioluna.it\/news\/2021\/10\/amministrative-a-latina-fratelli-ditalia-primo-partito-nel-centrodestra\/","title":{"rendered":"Amministrative a Latina: &#8220;Fratelli d\u2019Italia primo partito nel centrodestra&#8221;"},"content":{"rendered":"<div id=\"fb-root\"><\/div>\n<p style=\"text-align: justify;\">Il risultato delle elezioni amministrative in provincia di Latina certifica una forte crescita di Fratelli d\u2019Italia, che registra una delle percentuali pi\u00f9 alte sull\u2019intero territorio nazionale.<\/p>\n<p style=\"text-align: justify;\">\u201cFratelli d\u2019Italia in queste elezioni amministrative in provincia di Latina conferma il consolidamento del percorso del partito sul territorio &#8211; commenta il coordinatore provinciale sen. Nicola Calandrini -. Cresciamo in termini di consenso elettorale, e lo dimostra il fatto che siamo il primo partito sia a Latina che a Cisterna, con percentuali lusinghiere anche a Formia, Sezze e Minturno. Eleggiamo consiglieri anche a Itri e a Pontinia, e non posso che esserne orgoglioso.<br \/>\nSottolineo in particolare il risultato di Latina, dove il consenso di Fratelli d\u2019Italia \u00e8 tra i maggiori registrati in Italia, insieme a Roma e Novara.<br \/>\n\u00c8 la dimostrazione che la classe dirigente sulla quale abbiamo investito in questi anni ha trovato l\u2019approvazione degli elettori in ogni contesto di riferimento. La crescita sul territorio prescinde tuttavia dalle condizioni locali. \u00c8 la prova della forza di un progetto politico in linea con i valori nazionali e che si riconosce nella leadership di Giorgia Meloni. A ci\u00f2 si aggiunge una scelta dei candidati consiglieri e dei candidati sindaco all\u2019interno di coalizioni che \u00e8 stata premiata dagli elettori.<br \/>\nOggi Fratelli d\u2019Italia pu\u00f2 vantare di essere la forza politica leader del centrodestra in provincia di Latina ma anche in ambito nazionale: non era cosa facile, stando soli all\u2019opposizione del governo Draghi.<\/p>\n<p style=\"text-align: justify;\">Non ci fermiamo qui &#8211; conclude Calandrini &#8211; Tra due settimane ci attendono i ballottaggi. Saremo presenti ovunque fino all\u2019ultimo minuto, in partite che combatteremo fino alla fine\u201d.<\/p>\n<p style=\"text-align: justify;\">\u201cQuella di luned\u00ec \u00e8 stata una giornata esaltante &#8211; aggiunge l\u2019eurodeputato Nicola Procaccini -, ad un certo punto abbiamo accarezzato anche l\u2019idea che potesse diventare qualcosa di pi\u00f9, con una vittoria gi\u00e0 al primo turno nella citt\u00e0 di Latina. Pazienza, resta comunque un&#8217;affermazione straordinaria di Fratelli d\u2019Italia e di Vincenzo Zaccheo che ci porta a pensare che la sinistra pu\u00f2 essere mandata via dopo i disastri compiuti. In tutta la provincia si conferma un radicamento di centrodestra e di Fratelli d\u2019Italia sempre crescente.<br \/>\nSottolineo che la classe dirigente di Fratelli d\u2019Italia dimostra sui territori di essere radicata, di spessore e molto giovane, e questa \u00e8 una buona notizia per tutti\u201d<\/p>\n<p style=\"text-align: justify;\">\u201cSicuramente \u00e8 stata una campagna elettorale avvincente &#8211; dichiara il vice portavoce regionale Enrico Tiero -. Quando si fa gioco di squadra i risultati arrivano. Ci possiamo considerare soddisfatti dei risultati ottenuti ovunque. Penso a Sezze, dove non eravamo presenti, ma anche a Formia dove nell&#8217;ultima tornata elettorale eravamo all\u20191%.<br \/>\nA Latina ci siamo confermati il primo partito del centrodestra: \u00e8 una grossa soddisfazione e una grossa responsabilit\u00e0. Sono convinto che ai ballottaggi si possa vincere ovunque, in particolare a Latina: Zaccheo vincer\u00e0 alla grande il ballottaggio contro un sindaco che si \u00e8 dimostrato un nulla sotto l&#8217;aspetto amministrativo. Il centrodestra ha gi\u00e0 la maggioranza del consiglio comunale. Ai cittadini domenica e luned\u00ec prossimo non resta che spendere la loro preferenza per un sindaco del fare qual \u00e8 Vincenzo Zaccheo rispetto ad un sindaco che ha lavorato per la citt\u00e0 solo a tempo scaduto, facendo anche operazioni forzate. Se \u00e8 questo il nuovo, il corretto, se questi sono quelli che si vantano di rispettare la vita democratica, \u00e8 tutto dire.<br \/>\nNon dimentichiamo che abbiamo ancora il teatro chiuso, gli impianti sportivi inadeguati e tantissime criticit\u00e0 che aspettano solo di essere risolte e su cui il centrodestra \u00e8 pronto a lavorare sotto la guida di Vincenzo Zaccheo\u201d.<\/p>\n","protected":false},"excerpt":{"rendered":"<p>Il risultato delle elezioni amministrative in provincia di Latina certifica una forte crescita di Fratelli d\u2019Italia, che registra una delle percentuali pi\u00f9 alte sull\u2019intero territorio nazionale. \u201cFratelli d\u2019Italia in queste elezioni amministrative in provincia di Latina conferma il consolidamento del percorso del partito sul territorio &#8211; commenta il coordinatore provinciale sen. Nicola Calandrini -. Cresciamo [&hellip;]<\/p>\n","protected":false},"author":60,"featured_media":298587,"comment_status":"open","ping_status":"open","sticky":false,"template":"","format":"standard","meta":{"footnotes":""},"categories":[8],"tags":[],"class_list":["post-298787","post","type-post","status-publish","format-standard","has-post-thumbnail","hentry","category-politica"],"_links":{"self":[{"href":"https:\/\/www.radioluna.it\/news\/wp-json\/wp\/v2\/posts\/298787","targetHints":{"allow":["GET"]}}],"collection":[{"href":"https:\/\/www.radioluna.it\/news\/wp-json\/wp\/v2\/posts"}],"about":[{"href":"https:\/\/www.radioluna.it\/news\/wp-json\/wp\/v2\/types\/post"}],"author":[{"embeddable":true,"href":"https:\/\/www.radioluna.it\/news\/wp-json\/wp\/v2\/users\/60"}],"replies":[{"embeddable":true,"href":"https:\/\/www.radioluna.it\/news\/wp-json\/wp\/v2\/comments?post=298787"}],"version-history":[{"count":0,"href":"https:\/\/www.radioluna.it\/news\/wp-json\/wp\/v2\/posts\/298787\/revisions"}],"wp:featuredmedia":[{"embeddable":true,"href":"https:\/\/www.radioluna.it\/news\/wp-json\/wp\/v2\/media\/298587"}],"wp:attachment":[{"href":"https:\/\/www.radioluna.it\/news\/wp-json\/wp\/v2\/media?parent=298787"}],"wp:term":[{"taxonomy":"category","embeddable":true,"href":"https:\/\/www.radioluna.it\/news\/wp-json\/wp\/v2\/categories?post=298787"},{"taxonomy":"post_tag","embeddable":true,"href":"https:\/\/www.radioluna.it\/news\/wp-json\/wp\/v2\/tags?post=298787"}],"curies":[{"name":"wp","href":"https:\/\/api.w.org\/{rel}","templated":true}]}}