{"id":298912,"date":"2021-10-08T13:56:40","date_gmt":"2021-10-08T11:56:40","guid":{"rendered":"https:\/\/www.radioluna.it\/news\/?p=298912"},"modified":"2021-10-11T09:58:05","modified_gmt":"2021-10-11T07:58:05","slug":"il-comune-di-latina-aderisce-alla-marcia-per-la-pace-perugia-assisi","status":"publish","type":"post","link":"https:\/\/www.radioluna.it\/news\/2021\/10\/il-comune-di-latina-aderisce-alla-marcia-per-la-pace-perugia-assisi\/","title":{"rendered":"Il Comune di Latina aderisce alla Marcia per la Pace Perugia-Assisi"},"content":{"rendered":"<div id=\"fb-root\"><\/div>\n<p style=\"text-align: justify;\"><strong>LATINA<\/strong> &#8211; Il Comune di Latina anche quest\u2019anno ha aderito alla Marcia per la Pace Perugia-Assisi che si svolger\u00e0 il 10 ottobre con partenza da Perugia alle 9.00 dai Giardini del Frontone e si concluder\u00e0 alle ore 15.00 ad Assisi, Rocca Maggiore. &#8220;Perch\u00e9 oggi pi\u00f9 che mai \u00e8 il tempo di ricominciare a lavorare per la pace&#8221;, si legge in una nota dell&#8217;Ente che da alcuni anni non fa mancare la propria presenza all&#8217;importante evento che, prima della pandemia, richiamava nel centro Italia, migliaia di persone.<\/p>\n<p style=\"text-align: justify;\">Il tema di quest&#8217;anno \u00e8 &#8220;I Care&#8221; (mi prendo cura). &#8220;La pandemia \u00e8 ancora in pieno corso con i suoi effetti nefasti sul tessuto sociale e sull\u2019ambiente e richiama l\u2019intera comunit\u00e0 e in primo luogo le istituzioni a un impegno particolare per affrontare e risolvere questi grandi problemi comuni, globali e locali. Occorre l\u2019impegno di tutte e tutti per promuovere e sviluppare una mentalit\u00e0 e una cultura del \u201cprendersi cura\u201d per sconfiggere l\u2019indifferenza, lo scarto e la rivalit\u00e0 che purtroppo prevalgono. I prossimi 10 anni saranno decisivi per fermare il cambiamento climatico, per impedire una nuova guerra mondiale, per uscire dalla crisi sociale ed economica, per effettuare la transizione ecologica, per democratizzare la rivoluzione digitale, per prevenire nuove grandi migrazioni&#8221;.<br \/>\nE&#8217; per questo che domenica 10 ottobre 2021 una delegazione del Comune di Latina, tramite il Sistema di Accoglienza e Integrazione &#8211; SAI &#8211; sar\u00e0 presente alla Marcia. Chi vorr\u00e0 unirsi potr\u00e0 partecipare usufruendo del pullman che partir\u00e0 alle ore 5.00 dal parcheggio dell\u2019istituto Giovanni Cena, Via Lepanto 2, di fronte alla Casa di Quartiere ex tipografia Il Gabbiano. Per informazioni e prenotazioni: 3276643628. Il pullman \u00e8 gratuito ma per accedere \u00e8 necessario avere il green pass.<\/p>\n<div class=\"radio-posizionamento-telefono-in-articoli-dopo-il-contenuto-articolo radio-entity-placement\" id=\"radio-4128028876\"><div id=\"radio-131275351\"><a href=\"https:\/\/grupporedi.it\/\" aria-label=\"Redi-Qr\"><img loading=\"lazy\" decoding=\"async\" src=\"https:\/\/www.radioluna.it\/news\/wp-content\/uploads\/2026\/03\/Redi-Qr.jpg\" alt=\"\"  srcset=\"https:\/\/www.radioluna.it\/news\/wp-content\/uploads\/2026\/03\/Redi-Qr.jpg 800w, https:\/\/www.radioluna.it\/news\/wp-content\/uploads\/2026\/03\/Redi-Qr-768x639.jpg 768w\" sizes=\"(max-width: 800px) 100vw, 800px\" width=\"300\" height=\"250\"   \/><\/a><\/div><\/div>","protected":false},"excerpt":{"rendered":"<p>LATINA &#8211; Il Comune di Latina anche quest\u2019anno ha aderito alla Marcia per la Pace Perugia-Assisi che si svolger\u00e0 il 10 ottobre con partenza da Perugia alle 9.00 dai Giardini del Frontone e si concluder\u00e0 alle ore 15.00 ad Assisi, Rocca Maggiore. &#8220;Perch\u00e9 oggi pi\u00f9 che mai \u00e8 il tempo di ricominciare a lavorare per [&hellip;]<\/p>\n","protected":false},"author":62,"featured_media":298913,"comment_status":"open","ping_status":"open","sticky":false,"template":"","format":"standard","meta":{"footnotes":""},"categories":[16],"tags":[],"class_list":["post-298912","post","type-post","status-publish","format-standard","has-post-thumbnail","hentry","category-appuntamenti"],"_links":{"self":[{"href":"https:\/\/www.radioluna.it\/news\/wp-json\/wp\/v2\/posts\/298912","targetHints":{"allow":["GET"]}}],"collection":[{"href":"https:\/\/www.radioluna.it\/news\/wp-json\/wp\/v2\/posts"}],"about":[{"href":"https:\/\/www.radioluna.it\/news\/wp-json\/wp\/v2\/types\/post"}],"author":[{"embeddable":true,"href":"https:\/\/www.radioluna.it\/news\/wp-json\/wp\/v2\/users\/62"}],"replies":[{"embeddable":true,"href":"https:\/\/www.radioluna.it\/news\/wp-json\/wp\/v2\/comments?post=298912"}],"version-history":[{"count":0,"href":"https:\/\/www.radioluna.it\/news\/wp-json\/wp\/v2\/posts\/298912\/revisions"}],"wp:featuredmedia":[{"embeddable":true,"href":"https:\/\/www.radioluna.it\/news\/wp-json\/wp\/v2\/media\/298913"}],"wp:attachment":[{"href":"https:\/\/www.radioluna.it\/news\/wp-json\/wp\/v2\/media?parent=298912"}],"wp:term":[{"taxonomy":"category","embeddable":true,"href":"https:\/\/www.radioluna.it\/news\/wp-json\/wp\/v2\/categories?post=298912"},{"taxonomy":"post_tag","embeddable":true,"href":"https:\/\/www.radioluna.it\/news\/wp-json\/wp\/v2\/tags?post=298912"}],"curies":[{"name":"wp","href":"https:\/\/api.w.org\/{rel}","templated":true}]}}