{"id":298952,"date":"2021-10-10T09:38:52","date_gmt":"2021-10-10T07:38:52","guid":{"rendered":"https:\/\/www.radioluna.it\/news\/?p=298952"},"modified":"2024-03-25T13:24:55","modified_gmt":"2024-03-25T12:24:55","slug":"parte-da-ventotene-lidea-di-una-rete-tra-le-piccole-isole-del-mediterraneo","status":"publish","type":"post","link":"https:\/\/www.radioluna.it\/news\/2021\/10\/parte-da-ventotene-lidea-di-una-rete-tra-le-piccole-isole-del-mediterraneo\/","title":{"rendered":"Parte da Ventotene l&#8217;idea di una rete tra le piccole isole del Mediterraneo"},"content":{"rendered":"<div id=\"fb-root\"><\/div>\n<p style=\"text-align: justify;\"><strong>VENTOTENE<\/strong> &#8211; O.Me.G.A, l&#8217;Osservatorio Mediterraneo di Geopolitica e Antropologia lancia da Ventotene il progetto di un corridoio euro-mediterraneo che miri a supportare le comunit\u00e0 insulari, esalti il loro apporto e punti a incoraggiare una rinascita della tradizione mediterranea. &#8220;Le piccole isole, tante sparse nel nostro mare, rappresentano una ricchezza in gran parte inesplorata, che va al di l\u00e0 della incredibile bellezza e costituiscono un inestimabile patrimonio in settori determinanti quali l\u2019ambiente, la pesca, il turismo, la cultura e sono fucine di idee e ideali che, come dimostra il Manifesto di Ventotene per un\u2019Europa libera di Spinelli e Rossi di cui si celebra l\u201980\u00b0 anniversario, possono cambiare il corso della storia&#8221;, spiegano da O.Me.G.A, l&#8217;Osservatorio Mediterraneo di Geopolitica e Antropologia che mira a far emergere le criticit\u00e0 che ostacolano la crescita delle isole minori e, al contempo, possibili soluzioni da adottare, al termine del seminario \u201cPiccole Isole del Mediterraneo\u201d, il primo incontro di lancio del programma pluriennale di empowerment mediterraneo.<\/p>\n<p style=\"text-align: justify;\"><strong>LA VELEGGIATA &#8211;<\/strong> \u201cIl seminario \u2013 spiega Enrico La Rosa, Presidente di O.Me.G.A \u2013 \u00e8 stato preceduto da una veleggiata Napoli\/Procida dall\u2019 alto valore simbolico, perch\u00e9 la navigazione ha sempre interpretato e soddisfatto il desiderio dei popoli di incontrarsi. L\u2019incontro dell\u20198 ottobre, invece, ha puntato a individuare le attivit\u00e0 utili a promuovere la sostenibilit\u00e0 e lo sviluppo delle isole minori in chiave \u201cgreen\u201d e digitale e a pianificare le iniziative in campo sociale, economico, logistico, culturale e scientifico, necessarie per la crescita di queste piccole comunit\u00e0 di pregio, custodi di tradizioni e di cultura, potenziali laboratori per riorientare lo sviluppo economico e sociale verso obiettivi di sostenibilit\u00e0 ambientale e umana. Il nostro \u00e8 stato un primo appuntamento nell\u2019intento di far emergere il ruolo delle isole minori, cos\u00ec \u201clontane\u201d dalla terraferma, da riuscire a costituire un patrimonio che \u00e8 stato toccato marginalmente dalla \u201crevisione\u201d del mondo industriale, postindustriale, neoliberista che tutto ha modificato, assoggettandolo alle logiche del profitto. Le piccole isole sono avamposti dell\u2019accoglienza e dello spirito solidale, tessuto connettivo del Mediterraneo, suo patrimonio genetico e composito attraverso cui \u00e8 possibile riesumare lo spirito regionale. Sogniamo un Mediterraneo senza muri, cerniera e non barriera tra popoli che hanno creato insieme la civilt\u00e0 occidentale\u201d.<\/p>\n<p style=\"text-align: justify;\"><strong>IL GEMELLAGGIO<\/strong> &#8211; \u201cRitengo che il progetto di O.M.e G.A \u2013 gli ha fatto eco Silvia Costa, commissaria straordinaria del Governo per il recupero e la valorizzazione dell\u2019ex Carcere borbonico dell\u2019isola di S.Stefano- Ventotene &#8211; contribuisca significativamente a rilanciare il ruolo e le potenzialit\u00e0 della rete delle isole minori del Mediterraneo anche rafforzandone la dimensione culturale e ambientale, perch\u00e9 queste realt\u00e0 siano protagoniste di una nuova stagione di dialogo e cooperazione. Mi sono attivata fin dal 2016 in Parlamento europeo \u2013 dove ho presentato un progetto sulle piccole isole d\u2019Europa, ottenendo un impegno della Direzione Generale \u2018Mare\u2019 \u2013 e successivamente presso il Governo italiano per l\u2019estensione alle isole minori del centro nord del programma \u2018Resto al Sud\u2019 e l\u2019attivazione &#8211; nell\u2019ambito del PNRR &#8211; della banda larga nelle piccole isole italiane, incluse Ventotene e Santo Stefano. Il progetto di recupero dell\u2019ex carcere di Santo Stefano ha anche individuato l\u2019attivazione di una rete tra le isole con prigioni borboniche, a cominciare da Procida, con cui il Comune ha opportunamente gi\u00e0 siglato un gemellaggio. Dall\u2019interlocuzione tra istituzioni e realt\u00e0 come O.M.eG.A. possono nascere esperienze proficue per rilanciare il ruolo del Mediterraneo\u201d.<\/p>\n<p><strong>GLI INTERVENTI<\/strong> &#8211; Il dibattito ha visto alternarsi sul palco esperti di varie discipline che hanno offerto un alto contributo di tipo scientifico: antropologi, biologi marini, ingegneri navali, oceanografi, rappresentanti della guardia costiera, della Marina Militare e della cura del patrimonio faunistico, oltre a esponenti delle istituzioni e del mondo giornalistico. Moderati da Sabina Minutillo Turtur, responsabile della comunicazione dell\u2019ufficio della commissaria straordinaria del Governo per il recupero e la valorizzazione dell\u2019ex Carcere borbonico dell\u2019isola di S.Stefano-Ventotene, e dell\u2019Ambasciatore Mario Boffo, hanno parlato Gerardo Santomauro, sindaco di Ventotene che, rifacendosi al Nobel Carlo Rubbia sostenitore, 20 anni fa, dell\u2019idrogeno quale futuro dell\u2019energia, ha aggiunto che \u201cnella ricerca di soluzioni innovative il vettore energetico salvaguarda l&#8217;ambiente marino non inquinando, e permette inoltre un risparmio nei collegamenti marittimi vitali per l&#8217;economia dell&#8217;isola alternativa alla situazione di isolamento permanente\u201d; di Antonio Romano direttore dell\u2019Area Marina Protetta di Ventotene e Santo Stefano, che parlando di Aree Marine protette, ha evidenziato come, oltre alla tutela dell&#8217;ambiente marino, le isole conservino \u201cil valore delle tradizioni culturali, gastronomiche e servono a valorizzare la biodiversit\u00e0\u201d alimentare ed ambientale\u201d; e di Lavinio Gualdesi, architetto navale, esperto di tecnologie marine, che ha esposto i vantaggi delle \u201ctecnologie degli idrati, utili per governare e monitorare i parametri ambientali del mediterraneo. Tecniche gi\u00e0 utilizzate e sperimentate in altri contesti oceanici: Australia, Baltico, Usa, anche in collaborazione con le strutture Nato\u201d.<\/p>\n<p style=\"text-align: justify;\"><strong>IL CONCERTO<\/strong> &#8211; A conclusione dell\u2019evento, \u201cDO RE MI FA MED\u201d, un concerto di echi mediterranei eseguito da artisti provenienti dal bacino del Mare Nostrum, cha ha dato vita a uno scambio di tradizioni che, dall\u2019incontro di \u201csonorit\u00e0\u201d diverse e tecnologie digitali, favorisca contaminazioni delle reciproche tradizioni musicali. Il workshop ed il concerto sono stati un\u2019anteprima della \u201cCasa delle Sonorit\u00e0 Mediterranee\u201d in corso di lancio, con la partecipazione di importanti soggetti istituzionali e artistici, che si uniranno alle Associazioni OMeGA e Illimitarte e sottoscriveranno un Protocollo d\u2019Intesa, che regoler\u00e0 l\u2019attivit\u00e0 dell\u2019innovativo organismo.<\/p>\n<p style=\"text-align: justify;\"><strong>LA RETE<\/strong> &#8211; Attraverso la rete che con questo primo incontro O.Me.G.A mira a costituire, il progetto vuole contribuire concretamente a innescare una nuova fase di pace e prosperit\u00e0 oltre a rafforzare rapporti interregionali e il ritrovamento dei legami di lunga data che hanno reso proficue le antiche relazioni dei Paesi costieri. Ottant\u2019anni dopo il Manifesto \u201cPer un\u2019Europa libera e unita\u201d di Altiero Spinelli ed Ernesto Rossi, l\u00ec confinati dal regime fascista, Ventotene parla di nuovo agli europei e, quale simbolo di isole minori dalla grande tradizione, lancia un nuovo appello di unit\u00e0, dialogo, accoglienza<\/p>\n<p style=\"text-align: justify;\">L&#8217;evento si \u00e8 svolto con i patrocini della Presidenza Nazionale della Lega Navale Italiana e di\u00a0 Associazione Nazionale Comuni Isole Minori (ANCIM), d\u2019Amico Societ\u00e0 di Navigazione SpA, Associazione Culturale CulturArti, Associazione Culturale Musicale illimitarte, il Consorzio Nazionale Interuniversitario per le Scienze del Mare (CoNISMa), comune di Ventotene, Comune di Forio d\u2019Ischia, Comune di Procida.<\/p>\n","protected":false},"excerpt":{"rendered":"<p>VENTOTENE &#8211; O.Me.G.A, l&#8217;Osservatorio Mediterraneo di Geopolitica e Antropologia lancia da Ventotene il progetto di un corridoio euro-mediterraneo che miri a supportare le comunit\u00e0 insulari, esalti il loro apporto e punti a incoraggiare una rinascita della tradizione mediterranea. &#8220;Le piccole isole, tante sparse nel nostro mare, rappresentano una ricchezza in gran parte inesplorata, che va [&hellip;]<\/p>\n","protected":false},"author":60,"featured_media":298953,"comment_status":"open","ping_status":"open","sticky":false,"template":"","format":"standard","meta":{"footnotes":""},"categories":[735,734],"tags":[],"class_list":["post-298952","post","type-post","status-publish","format-standard","has-post-thumbnail","hentry","category-attualita","category-evidenza"],"_links":{"self":[{"href":"https:\/\/www.radioluna.it\/news\/wp-json\/wp\/v2\/posts\/298952","targetHints":{"allow":["GET"]}}],"collection":[{"href":"https:\/\/www.radioluna.it\/news\/wp-json\/wp\/v2\/posts"}],"about":[{"href":"https:\/\/www.radioluna.it\/news\/wp-json\/wp\/v2\/types\/post"}],"author":[{"embeddable":true,"href":"https:\/\/www.radioluna.it\/news\/wp-json\/wp\/v2\/users\/60"}],"replies":[{"embeddable":true,"href":"https:\/\/www.radioluna.it\/news\/wp-json\/wp\/v2\/comments?post=298952"}],"version-history":[{"count":1,"href":"https:\/\/www.radioluna.it\/news\/wp-json\/wp\/v2\/posts\/298952\/revisions"}],"predecessor-version":[{"id":349027,"href":"https:\/\/www.radioluna.it\/news\/wp-json\/wp\/v2\/posts\/298952\/revisions\/349027"}],"wp:featuredmedia":[{"embeddable":true,"href":"https:\/\/www.radioluna.it\/news\/wp-json\/wp\/v2\/media\/298953"}],"wp:attachment":[{"href":"https:\/\/www.radioluna.it\/news\/wp-json\/wp\/v2\/media?parent=298952"}],"wp:term":[{"taxonomy":"category","embeddable":true,"href":"https:\/\/www.radioluna.it\/news\/wp-json\/wp\/v2\/categories?post=298952"},{"taxonomy":"post_tag","embeddable":true,"href":"https:\/\/www.radioluna.it\/news\/wp-json\/wp\/v2\/tags?post=298952"}],"curies":[{"name":"wp","href":"https:\/\/api.w.org\/{rel}","templated":true}]}}