{"id":298959,"date":"2021-10-10T13:39:15","date_gmt":"2021-10-10T11:39:15","guid":{"rendered":"https:\/\/www.radioluna.it\/news\/?p=298959"},"modified":"2021-10-14T16:35:12","modified_gmt":"2021-10-14T14:35:12","slug":"test-rapidi-gratuiti-per-hiv-sifilide-ed-epatite-c-aperto-il-latina-checkpoint","status":"publish","type":"post","link":"https:\/\/www.radioluna.it\/news\/2021\/10\/test-rapidi-gratuiti-per-hiv-sifilide-ed-epatite-c-aperto-il-latina-checkpoint\/","title":{"rendered":"Test rapidi gratuiti per Hiv, sifilide ed epatite C, aperto il &#8220;Latina checkpoint&#8221;"},"content":{"rendered":"<div id=\"fb-root\"><\/div>\n<p><img loading=\"lazy\" decoding=\"async\" class=\"aligncenter size-full wp-image-298962\" src=\"https:\/\/www.radioluna.it\/news\/wp-content\/uploads\/2021\/10\/CHECK.jpg\" alt=\"\" width=\"960\" height=\"720\" srcset=\"https:\/\/www.radioluna.it\/news\/wp-content\/uploads\/2021\/10\/CHECK.jpg 960w, https:\/\/www.radioluna.it\/news\/wp-content\/uploads\/2021\/10\/CHECK-768x576.jpg 768w\" sizes=\"auto, (max-width: 960px) 100vw, 960px\" \/><\/p>\n<p style=\"text-align: justify;\"><strong>LATINA &#8211;<\/strong> E&#8217; stato inaugurato il <strong>Latina Checkpoint<\/strong>, uno spazio dove si far\u00e0 prevenzione attiva sulle malattie sessualmente trasmesse con <strong>test rapidi anonimi e gratuiti per Hiv, sifilide ed epatite C<\/strong>. Si trova in <strong>Via Legnano 83<\/strong>, in locali messi a disposizione dal Comune dove si potr\u00e0 andare senza ricetta, ricevere consulenza e informazioni, e essere avviati al percorso di cura in caso di positivit\u00e0 dell&#8217;esame. Il risultato del test \u00e8 immediato, bastano pochi minuti.<\/p>\n<p style=\"text-align: justify;\">Il taglio del nastro \u00e8 avvenuto alla presenza della <strong>direttrice sanitaria aziendale della Asl di Latina Laide Romagnoli<\/strong> e della<strong> professoressa Miriam Lichtner direttrice della Uoc di Malattie Infettive<\/strong> del Goretti con il responsabile dell&#8217;<strong>Associazione Seicomesei Arcigay Valerio Vitale<\/strong> che coordiner\u00e0 l&#8217;attivit\u00e0 dei volontari: <em>&#8220;Il check point\u00a0 &#8211; spiega Vitale &#8211; \u00e8 un ambiente extra-ospedaliero che ha come obiettivo principale quello di effettuare test rapidi gratuiti sulle malattie sessualmente trasmesse e per raccogliere tutta l&#8217;utenza che oggi non si affaccia in ospedale, persone che senza saperlo potrebbero aver contratto l&#8217;infezione ed essere contagiose, e oggi con il Covid abbiamo imparato quanto sia importante conoscere il proprio stato di salute&#8221;. <\/em><strong>L&#8217;obiettivo \u00e8 anche quello di collaborare tra associazionismo e istituzioni per aumentare l&#8217;offerta informativa soprattutto tra i giovani e nelle scuole.<\/strong><strong>\u00a0\u00a0<\/strong><\/p>\n<p><strong>VALERIO VITALE<\/strong><\/p>\n<audio class=\"wp-audio-shortcode\" id=\"audio-298959-1\" preload=\"none\" style=\"width: 100%;\" controls=\"controls\"><source type=\"audio\/mpeg\" src=\"https:\/\/www.radioluna.it\/news\/wp-content\/uploads\/2021\/10\/VALERIO-VITALE.mp3?_=1\" \/><a href=\"https:\/\/www.radioluna.it\/news\/wp-content\/uploads\/2021\/10\/VALERIO-VITALE.mp3\">https:\/\/www.radioluna.it\/news\/wp-content\/uploads\/2021\/10\/VALERIO-VITALE.mp3<\/a><\/audio>\n<p style=\"text-align: justify;\">&#8220;<em>Con questo Point, Latina entra nel circuito\u00a0 Fast Track Cities che \u00e8 un network\u00a0 europeo di Comuni che cercano di diffondere l&#8217;idea della prevenzione nelle rispettive citt\u00e0 a livello individuale, perch\u00e9 diventi abitudine collettiva &#8211;<\/em> spiega la prof Lichtner <em>&#8211; Un servizio che permette di prendere il meglio di ci\u00f2 che troviamo in ospedale, fuori dall&#8217;ospedale. Le malattie di cui parliamo esistono ed \u00e8 sempre bene sempre ricordare l&#8217;importanza della prevenzione che consente di scoprire la malattia e di curarla. Grazie ai farmaci che abbiamo a disposizione oggi, si pu\u00f2 vivere bene e non progredire nella malattia<\/em>&#8220;.<\/p>\n<p><strong>MIRIAM LICHTNER\u00a0<\/strong><\/p>\n<audio class=\"wp-audio-shortcode\" id=\"audio-298959-2\" preload=\"none\" style=\"width: 100%;\" controls=\"controls\"><source type=\"audio\/mpeg\" src=\"https:\/\/www.radioluna.it\/news\/wp-content\/uploads\/2021\/10\/LICHTNER-CHECK.mp3?_=2\" \/><a href=\"https:\/\/www.radioluna.it\/news\/wp-content\/uploads\/2021\/10\/LICHTNER-CHECK.mp3\">https:\/\/www.radioluna.it\/news\/wp-content\/uploads\/2021\/10\/LICHTNER-CHECK.mp3<\/a><\/audio>\n<div class=\"pf-content\">\n<p style=\"text-align: justify;\">La Asl di Latina \u00e8 uno degli attori di questo accordo che consentir\u00e0 di mettere a disposizione die cittadini un servizio ulteriore: &#8220;Questo ambiente non sanitario \u00e8 rivolto a chi pu\u00f2 avere delle remore ad andare in ospedale, penso soprattutto ai ragazzi. E&#8217; importante anche l&#8217;obiettivo di formazione che si pone &#8211; sottolinea la direttrice sanitaria aziendale Laide Romagnoli &#8211; Con il covid infatti abbiamo ricominciato a parlare di malattie infettive, ma quelle &#8220;tradizionali&#8221; e le altre sessualmente trasmesse, sembrano in effetti dimenticate, come se non ci fossero, invece sappiamo che la scoperta precoce e la chemioprofilassi consentono oggi di vivere bene&#8221;<\/p>\n<p><strong>LAIDE ROMAGNOLI<\/strong><\/p>\n<audio class=\"wp-audio-shortcode\" id=\"audio-298959-3\" preload=\"none\" style=\"width: 100%;\" controls=\"controls\"><source type=\"audio\/mpeg\" src=\"https:\/\/www.radioluna.it\/news\/wp-content\/uploads\/2021\/10\/laide-romagnoli.mp3?_=3\" \/><a href=\"https:\/\/www.radioluna.it\/news\/wp-content\/uploads\/2021\/10\/laide-romagnoli.mp3\">https:\/\/www.radioluna.it\/news\/wp-content\/uploads\/2021\/10\/laide-romagnoli.mp3<\/a><\/audio>\n<p style=\"text-align: justify;\"><strong>Il primo giorno di apertura del Latina Checkpoint sar\u00e0 gioved\u00ec prossimo 14 ottobre.<\/strong> Le\u00a0 informazioni sui giorni di apertura si trovano sulle pagine Facebook e Instagram, e l&#8217;agenda per prenotare il proprio appuntamento sul sito <a href=\"https:\/\/www.latinacheckpoint.it\/\">https:\/\/www.latinacheckpoint.it\/<\/a><\/p>\n<\/div>\n<div class=\"radio-posizionamento-telefono-in-articoli-dopo-il-contenuto-articolo radio-entity-placement\" id=\"radio-2216644799\"><div id=\"radio-688346756\"><a href=\"https:\/\/www.simeoneceramiche.com\/\" aria-label=\"SIMEONE CERAMICHE GIF animata per radioluna_Tavola disegno 1 copia 2 (online-video-cutter.com)\"><img loading=\"lazy\" decoding=\"async\" src=\"https:\/\/www.radioluna.it\/news\/wp-content\/uploads\/2025\/05\/SIMEONE-CERAMICHE-GIF-animata-per-radioluna_Tavola-disegno-1-copia-2-online-video-cutter.com_.gif\" alt=\"\"  width=\"300\" height=\"250\"   \/><\/a><\/div><\/div>","protected":false},"excerpt":{"rendered":"<p>LATINA &#8211; E&#8217; stato inaugurato il Latina Checkpoint, uno spazio dove si far\u00e0 prevenzione attiva sulle malattie sessualmente trasmesse con test rapidi anonimi e gratuiti per Hiv, sifilide ed epatite C. Si trova in Via Legnano 83, in locali messi a disposizione dal Comune dove si potr\u00e0 andare senza ricetta, ricevere consulenza e informazioni, e [&hellip;]<\/p>\n","protected":false},"author":62,"featured_media":298961,"comment_status":"open","ping_status":"open","sticky":false,"template":"","format":"standard","meta":{"footnotes":""},"categories":[735,2310],"tags":[],"class_list":["post-298959","post","type-post","status-publish","format-standard","has-post-thumbnail","hentry","category-attualita","category-audio"],"_links":{"self":[{"href":"https:\/\/www.radioluna.it\/news\/wp-json\/wp\/v2\/posts\/298959","targetHints":{"allow":["GET"]}}],"collection":[{"href":"https:\/\/www.radioluna.it\/news\/wp-json\/wp\/v2\/posts"}],"about":[{"href":"https:\/\/www.radioluna.it\/news\/wp-json\/wp\/v2\/types\/post"}],"author":[{"embeddable":true,"href":"https:\/\/www.radioluna.it\/news\/wp-json\/wp\/v2\/users\/62"}],"replies":[{"embeddable":true,"href":"https:\/\/www.radioluna.it\/news\/wp-json\/wp\/v2\/comments?post=298959"}],"version-history":[{"count":0,"href":"https:\/\/www.radioluna.it\/news\/wp-json\/wp\/v2\/posts\/298959\/revisions"}],"wp:featuredmedia":[{"embeddable":true,"href":"https:\/\/www.radioluna.it\/news\/wp-json\/wp\/v2\/media\/298961"}],"wp:attachment":[{"href":"https:\/\/www.radioluna.it\/news\/wp-json\/wp\/v2\/media?parent=298959"}],"wp:term":[{"taxonomy":"category","embeddable":true,"href":"https:\/\/www.radioluna.it\/news\/wp-json\/wp\/v2\/categories?post=298959"},{"taxonomy":"post_tag","embeddable":true,"href":"https:\/\/www.radioluna.it\/news\/wp-json\/wp\/v2\/tags?post=298959"}],"curies":[{"name":"wp","href":"https:\/\/api.w.org\/{rel}","templated":true}]}}