{"id":299054,"date":"2021-10-11T07:24:03","date_gmt":"2021-10-11T05:24:03","guid":{"rendered":"https:\/\/www.radioluna.it\/news\/?p=299054"},"modified":"2021-10-12T12:25:16","modified_gmt":"2021-10-12T10:25:16","slug":"tragico-incidente-stradale-a-pontinia-perde-la-vita-monica-donnarumma","status":"publish","type":"post","link":"https:\/\/www.radioluna.it\/news\/2021\/10\/tragico-incidente-stradale-a-pontinia-perde-la-vita-monica-donnarumma\/","title":{"rendered":"Tragico incidente stradale a Pontinia, perde la vita Monica Donnarumma"},"content":{"rendered":"<div id=\"fb-root\"><\/div>\n<p style=\"text-align: justify;\"><strong>PONTINIA &#8211; <\/strong>Aveva solo vent&#8217;anni Monica Donnarumma, la ragazza che domenica pomeriggio a Pontinia sulla Migliara 53 ha perso il controllo dell&#8217;auto che guidava, una Volkswagen, ed \u00e8 finita fuori strada contro un muretto in cemento. L&#8217;impatto le \u00e8 stato fatale. L&#8217;airbag sul lato del guidatore si \u00e8 aperto, ma non \u00e8 bastato a salvarle la vita. Ferito anche un ragazzo di 27 anni di Terracina che era seduto accanto a lei e ora \u00e8 ricoverato all&#8217;ospedale Santa Maria Goretti di Latina dove \u00e8 arrivato con il codice pi\u00f9 grave.<\/p>\n<p style=\"text-align: justify;\">Ancora da stabilire le esatte cause dell&#8217;incidente e il perch\u00e9 di quella traiettoria che ha portato l&#8217;auto guidata dalla giovane vittima a fermare la sua corsa nel fossato laterale che costeggia la corsia di marcia opposta.<\/p>\n<p style=\"text-align: justify;\">E sale ancora il bilancio delle vite spezzate sulle strade della provincia di Latina, solo nell&#8217;ultima settimana quattro giovanissimi, due diciottenni di Anzio domenica scorsa sulla Pontina, una ventenne sempre domenica sulla Nettunense e ora Monica.<\/p>\n<p>&nbsp;<\/p>\n<div class=\"radio-posizionamento-telefono-in-articoli-dopo-il-contenuto-articolo radio-entity-placement\" id=\"radio-1819832359\"><div id=\"radio-3622184557\"><a href=\"https:\/\/www.simeoneceramiche.com\/\" aria-label=\"SIMEONE CERAMICHE GIF animata per radioluna_Tavola disegno 1 copia 2 (online-video-cutter.com)\"><img loading=\"lazy\" decoding=\"async\" src=\"https:\/\/www.radioluna.it\/news\/wp-content\/uploads\/2025\/05\/SIMEONE-CERAMICHE-GIF-animata-per-radioluna_Tavola-disegno-1-copia-2-online-video-cutter.com_.gif\" alt=\"\"  width=\"300\" height=\"250\"   \/><\/a><\/div><\/div>","protected":false},"excerpt":{"rendered":"<p>PONTINIA &#8211; Aveva solo vent&#8217;anni Monica Donnarumma, la ragazza che domenica pomeriggio a Pontinia sulla Migliara 53 ha perso il controllo dell&#8217;auto che guidava, una Volkswagen, ed \u00e8 finita fuori strada contro un muretto in cemento. L&#8217;impatto le \u00e8 stato fatale. L&#8217;airbag sul lato del guidatore si \u00e8 aperto, ma non \u00e8 bastato a salvarle [&hellip;]<\/p>\n","protected":false},"author":62,"featured_media":299055,"comment_status":"open","ping_status":"open","sticky":false,"template":"","format":"standard","meta":{"footnotes":""},"categories":[7],"tags":[],"class_list":["post-299054","post","type-post","status-publish","format-standard","has-post-thumbnail","hentry","category-cronaca"],"_links":{"self":[{"href":"https:\/\/www.radioluna.it\/news\/wp-json\/wp\/v2\/posts\/299054","targetHints":{"allow":["GET"]}}],"collection":[{"href":"https:\/\/www.radioluna.it\/news\/wp-json\/wp\/v2\/posts"}],"about":[{"href":"https:\/\/www.radioluna.it\/news\/wp-json\/wp\/v2\/types\/post"}],"author":[{"embeddable":true,"href":"https:\/\/www.radioluna.it\/news\/wp-json\/wp\/v2\/users\/62"}],"replies":[{"embeddable":true,"href":"https:\/\/www.radioluna.it\/news\/wp-json\/wp\/v2\/comments?post=299054"}],"version-history":[{"count":0,"href":"https:\/\/www.radioluna.it\/news\/wp-json\/wp\/v2\/posts\/299054\/revisions"}],"wp:featuredmedia":[{"embeddable":true,"href":"https:\/\/www.radioluna.it\/news\/wp-json\/wp\/v2\/media\/299055"}],"wp:attachment":[{"href":"https:\/\/www.radioluna.it\/news\/wp-json\/wp\/v2\/media?parent=299054"}],"wp:term":[{"taxonomy":"category","embeddable":true,"href":"https:\/\/www.radioluna.it\/news\/wp-json\/wp\/v2\/categories?post=299054"},{"taxonomy":"post_tag","embeddable":true,"href":"https:\/\/www.radioluna.it\/news\/wp-json\/wp\/v2\/tags?post=299054"}],"curies":[{"name":"wp","href":"https:\/\/api.w.org\/{rel}","templated":true}]}}