{"id":299083,"date":"2021-10-14T07:11:29","date_gmt":"2021-10-14T05:11:29","guid":{"rendered":"https:\/\/www.radioluna.it\/news\/?p=299083"},"modified":"2021-10-20T13:17:44","modified_gmt":"2021-10-20T11:17:44","slug":"danza-contemporanea-a-latina-e-sezze-torna-tendance","status":"publish","type":"post","link":"https:\/\/www.radioluna.it\/news\/2021\/10\/danza-contemporanea-a-latina-e-sezze-torna-tendance\/","title":{"rendered":"Danza contemporanea, a Latina e Sezze torna Tendance"},"content":{"rendered":"<div id=\"fb-root\"><\/div>\n<p style=\"text-align: justify;\"><strong>LATINA<\/strong>\u00a0 &#8211; Torna anche quest\u2019anno a Latina e Sezze\u00a0 Tendance, festival di danza contemporanea giunto alla XI edizione. &#8220;Attraverso una ragionata scelta dei coreografi, delle opere e degli eventi si vuole proporre un tempo e uno spazio di benefica contaminazione abbattendo in modo creativo il distanziamento. Perch\u00e9 il tempo della vicinanza e della cura \u00e8 ora&#8221;,\u00a0 spiegano gli organizzatori Danila Blasi e Ricky Bonavita.<\/p>\n<p style=\"text-align: justify;\">Il programma \u00e8 molto ricco e alterna momenti di incontro e approfondimento a spettacoli realizzati tra OperaPrima Teatro, il Teatro Moderno e la strada: Piazza del Popolo per Barramundi e Corso della Repubblica per l\u2019azione danzata di Balletto Civile, Spazio MAT a Sezze. Ci saranno la Compagnia Abbondanza Bertoni e Compagnia Enzo Cosimi grazie alla collaborazione con ATCL, dalla Francia arriver\u00e0\u00a0 Karine Ponties e\u00a0 la compagnia italo francese Cie MF di Maxime Freixas e Francesco Colaleo, gli artisti Daniele Bianco, Alessandra Cristiani, Salvo Lombardo, Matteo Cason, Paolo Rosini, Vicari\/Aloisio, Tommaso Serratore, Collettivo Mine, Balletto Civile, Lorenzo De Simone.<\/p>\n<p style=\"text-align: justify;\">In Piazza del Popolo a latina il 15 ottobre ci sar\u00e0 Inoltre ospitiamo Barramundi, performance urbana costruita attraverso incontri periodici con i cittadini del capoluogo iniziati ad aprile scorso, la nuova edizione del Premio Theodor Rawyler che il 21 ottobre ospita 5 formazioni artistiche selezionate attraverso una call per assegnare ad una di loro un premio di produzione e due incontri: Scrivere Danza, con Maria Grazia Calandrone e Francesco Pacifico e Trasmissioni\u00a0 in collaborazione con il festival Teatri di Vetro.<\/p>\n<p>ASCOLTA RICKY BONAVITA<\/p>\n<audio class=\"wp-audio-shortcode\" id=\"audio-299083-1\" preload=\"none\" style=\"width: 100%;\" controls=\"controls\"><source type=\"audio\/mpeg\" src=\"https:\/\/www.radioluna.it\/news\/wp-content\/uploads\/2021\/10\/ricky-bonavita-tendance.mp3?_=1\" \/><a href=\"https:\/\/www.radioluna.it\/news\/wp-content\/uploads\/2021\/10\/ricky-bonavita-tendance.mp3\">https:\/\/www.radioluna.it\/news\/wp-content\/uploads\/2021\/10\/ricky-bonavita-tendance.mp3<\/a><\/audio>\n<p style=\"text-align: justify;\"><strong>IL PROGRAMMA &#8211;\u00a0<\/strong><\/p>\n<p style=\"text-align: justify;\"><strong>A LATINA<\/strong> &#8211;\u00a0 <strong>In Parco Falcone e Borsellino<\/strong> da aprile a ottobre due incontri al mese costituzione gruppi di partecipanti &#8220;Barramundi&#8221; e laboratori\/prove<\/p>\n<p style=\"text-align: justify;\"><strong>Al Teatro Moderno<\/strong> 14 ottobre 2021\u00a0 ore 21,00 Le fumatrici di pecore\/Compagnia Abbondanza\/Bertoni (spettacolo a cura ATCL)<\/p>\n<p><strong>In Piazza del Popolo<\/strong> il 15 ottobre 2021 ore 18,00 Barramundi\/a cura di Manuela Cirfera, Enrica Felici, Francesca Schipani (prima)<\/p>\n<p><strong>Al Teatro Moderno<\/strong> 15 ottobre 2021 ore 21,00 Coefore Rock and Roll\/ Compagnia Enzo Cosimi (spettacolo a cura ATCL)<\/p>\n<p>Sempre a Latina<strong> al Madxi<\/strong>, grazie alla collaborazione\u00a0 con Fabio D&#8217;Achille, il 16 ottobre alle 20 Evol\/Daniele Bianco (prima), alle 21Corpus delicti\/Alessandra Cristiani e alle 22 Outdoor dance floor\/Salvo Lombardo; il 17 ottobre ore 15,00 incontro \u201cTrasmissioni\u201d a cura di Danila Blasi e Roberta Nicolai in collaborazione con Teatri di Vetro<\/p>\n<p>Madxi 17 ottobre ore 18.00 Anapoda\/Vicari Aloisio ore; alle 19.00 Domino\/Tommaso Serratore; alle\u00a019.30 Corpi Elettrici\/Collettivo Mine<\/p>\n<p><strong>Operaprima Teatro<\/strong> 21 ottobre ore 18,00 Premio TenDance 2021 con Fresh oranges into the ocean\/Silvia Giordano;\u00a0Iperuranio: the long and the short of it\/Federica Esposito;Another with you\/Vidav\u00e8 Crafts<\/p>\n<p>Hikikomori (un solo per 4)\/Hunt CDC; Il fruscio delle stelle del mattino\/Mechanical Monkeys<\/p>\n<p>Operaprima Teatro 21 ottobre ore 21,00 Premio TenDance 2021 feedback ai finalisti con la giuria composta da Rossella Battisti, Donatella Bertozzi, Paolo Brancalion, Isabella Di Cola, Loredana Parrella, Alessandro Pontremoli<\/p>\n<p>Operaprima Teatro 22 ottobre ore 20,00 FOVEA\/Karine Ponties, alle\u00a020,30 Benedetto Pacifico\/Karine Ponties<\/p>\n<p><strong>Corso della Repubblica\/Zona Pedonale<\/strong> 23 ottobre ore 18,00 Paesaggio d&#8217;interni\/azione danzata\/Balletto Civile<\/p>\n<p>Operaprima Teatro 23 ottobre<\/p>\n<p>ore 20,00 Elogio alla gentilezza\/Lorenzo De Simone<\/p>\n<p>ore 21,00 C&#8217;est pas grave\/Cie MF \u2013 Maxime Freixas e Francesco Colaleo<\/p>\n<p>&nbsp;<\/p>\n<p>Operaprima Teatro 24 ottobre<\/p>\n<p>ore 18,00 Quelli con Alessandro\/Mattia Cason<\/p>\n<p>ore 19,00 Oriri\/Paolo Rosini (prima)<\/p>\n<p>&nbsp;<\/p>\n<p>Diretta streaming sulla pagina facebook del Festival 27 ottobre ore 15,00<\/p>\n<p>incontro \u201cScrivere la danza\u201d a cura di Danila Blasi e Graziano Graziani<\/p>\n<p>&nbsp;<\/p>\n<p><strong>SEZZE<\/strong><\/p>\n<p><strong>Spazio_MAT<\/strong> dal 11 al 16 ottobre residenza Collettivo Mine<\/p>\n<p>Spazio_MAT 16 ottobre ore 18,00 e ore 18,30 Corpi elettrici\/Colletivo Mine<\/p>\n<p>Spazio_MAT dal 18 al 23 ottobre residenza Colaleo\/Freixas<\/p>\n<p>Spazio_MAT 24 ottobre ore 16,00 e ore 16,30 \u00c7a ne me d\u00e9pla\u00eet pas\/Colaleo\/Freixas<\/p>\n<p>&nbsp;<\/p>\n<p>I LUOGHI DEL FESTIVAL<\/p>\n<p>PIAZZA DEL POPOLO \u2013 CORSO DELLA REPUBBLICA, LATINA<\/p>\n<p>TEATRO MODERNO VIA SISTO V, LATINA<\/p>\n<p>MADXI c\/o Consorzio ASI Roma- Latina, Via Carrara 12 A, LATINA<\/p>\n<p>OPERAPRIMA TEATRO Via dei Cappuccini 76, Latina<\/p>\n<p>Mat spazio_teatro Via San Carlo 160, Sezze<\/p>\n<p>&nbsp;<\/p>\n<p>Biglietteria<\/p>\n<p>Teatro Moderno intero 10 euro ridotto 5 euro<\/p>\n<p>OperaPrima Teatro biglietto singolo 5 euro, serata intera 7 euro<\/p>\n<p>MADXI singolo 5 euro, serata intera 10 euro<\/p>\n<p>MAT spazio_teatro 2 euro<\/p>\n<p>Gli spettacoli a Piazza del Popolo e a Corso della Repubblica e l\u2019incontro \u201cTrasmissioni_fare spazio\u201d sono ad ingresso gratuito<\/p>\n<p>Prenotazioni rosashocking.associazione@gmail.com 3332062996<\/p>\n<p><a href=\"https:\/\/www.festivaltendance.it\/\">https:\/\/www.festivaltendance.it\/<\/a><\/p>\n<p>&nbsp;<\/p>\n<div class=\"radio-posizionamento-telefono-in-articoli-dopo-il-contenuto-articolo radio-entity-placement\" id=\"radio-3743362760\"><div id=\"radio-1309372890\" style=\"width: 300px;height: 250px;\"><a href=\"https:\/\/www.icarspa.it\/auto\/usate\/latina\/\" aria-label=\"banner aprile icar new life &#8211; auto usate latina\"><img loading=\"lazy\" decoding=\"async\" src=\"https:\/\/www.radioluna.it\/news\/wp-content\/uploads\/2026\/02\/banner-aprile-icar-new-life-auto-usate-latina.gif\" alt=\"\"  width=\"300\" height=\"250\"   \/><\/a><\/div><\/div>","protected":false},"excerpt":{"rendered":"<p>LATINA\u00a0 &#8211; Torna anche quest\u2019anno a Latina e Sezze\u00a0 Tendance, festival di danza contemporanea giunto alla XI edizione. &#8220;Attraverso una ragionata scelta dei coreografi, delle opere e degli eventi si vuole proporre un tempo e uno spazio di benefica contaminazione abbattendo in modo creativo il distanziamento. Perch\u00e9 il tempo della vicinanza e della cura \u00e8 [&hellip;]<\/p>\n","protected":false},"author":60,"featured_media":299087,"comment_status":"open","ping_status":"open","sticky":false,"template":"","format":"standard","meta":{"footnotes":""},"categories":[16,2310],"tags":[],"class_list":["post-299083","post","type-post","status-publish","format-standard","has-post-thumbnail","hentry","category-appuntamenti","category-audio"],"_links":{"self":[{"href":"https:\/\/www.radioluna.it\/news\/wp-json\/wp\/v2\/posts\/299083","targetHints":{"allow":["GET"]}}],"collection":[{"href":"https:\/\/www.radioluna.it\/news\/wp-json\/wp\/v2\/posts"}],"about":[{"href":"https:\/\/www.radioluna.it\/news\/wp-json\/wp\/v2\/types\/post"}],"author":[{"embeddable":true,"href":"https:\/\/www.radioluna.it\/news\/wp-json\/wp\/v2\/users\/60"}],"replies":[{"embeddable":true,"href":"https:\/\/www.radioluna.it\/news\/wp-json\/wp\/v2\/comments?post=299083"}],"version-history":[{"count":0,"href":"https:\/\/www.radioluna.it\/news\/wp-json\/wp\/v2\/posts\/299083\/revisions"}],"wp:featuredmedia":[{"embeddable":true,"href":"https:\/\/www.radioluna.it\/news\/wp-json\/wp\/v2\/media\/299087"}],"wp:attachment":[{"href":"https:\/\/www.radioluna.it\/news\/wp-json\/wp\/v2\/media?parent=299083"}],"wp:term":[{"taxonomy":"category","embeddable":true,"href":"https:\/\/www.radioluna.it\/news\/wp-json\/wp\/v2\/categories?post=299083"},{"taxonomy":"post_tag","embeddable":true,"href":"https:\/\/www.radioluna.it\/news\/wp-json\/wp\/v2\/tags?post=299083"}],"curies":[{"name":"wp","href":"https:\/\/api.w.org\/{rel}","templated":true}]}}