{"id":299133,"date":"2021-10-11T16:05:15","date_gmt":"2021-10-11T14:05:15","guid":{"rendered":"https:\/\/www.radioluna.it\/news\/?p=299133"},"modified":"2021-10-12T08:34:25","modified_gmt":"2021-10-12T06:34:25","slug":"morto-il-maestro-luis-de-pablo-presidente-onorario-del-festival-pontino-di-musica","status":"publish","type":"post","link":"https:\/\/www.radioluna.it\/news\/2021\/10\/morto-il-maestro-luis-de-pablo-presidente-onorario-del-festival-pontino-di-musica\/","title":{"rendered":"Morto il maestro Luis de Pablo, Presidente onorario del Festival Pontino di Musica"},"content":{"rendered":"<div id=\"fb-root\"><\/div>\n<p style=\"text-align: justify;\"><strong>LATINA &#8211;<\/strong> \u00c8 con grande tristezza che si apprende la notizia della scomparsa del M\u00b0 Luis de Pablo (1930), dal 2010 Presidente onorario del Festival Pontino di Musica, ma fin dagli anni Ottanta amico del Campus Internazionale di Musica e presenza assidua agli Incontri di musica contemporanea del Festival che in questi decenni ha presentato molte sue prime assolute.\u00a0Due anche nella scorsa edizione del Festival Pontino, affettuoso omaggio ai suoi 90 anni, rinviato nel 2020 a causa del Covid che gli aveva impedito anche di partecipare alla cerimonia con la quale la Biennale di Venezia, riconoscendogli doti di artista sommo, gli aveva conferito il Leone d\u2019oro alla carriera.\u00a0Uomo dalla straordinaria cultura, animato da un\u2019idea forte di libert\u00e0 e da una profonda umanit\u00e0: il Campus \u00e8 onorato di aver avuto il privilegio della sua amicizia ed \u00e8 grato di poter conservare a Latina, presso l\u2019Istituto di Studi Musicali \u201cGoffredo Petrassi\u201d, il suo prezioso archivio con circa duecento manoscritti autografi, a disposizione di quanti vorranno approfondire lo studio della sua opera.\u00a0La presidente Elisa Cerocchi e tutti gli amici del Campus, profondamente addolorati, abbracciano con molto affetto la signora Marta.<\/p>\n<div class=\"radio-posizionamento-telefono-in-articoli-dopo-il-contenuto-articolo radio-entity-placement\" id=\"radio-177743780\"><div id=\"radio-3889597064\"><a href=\"https:\/\/grupporedi.it\/\" aria-label=\"Redi-Qr\"><img loading=\"lazy\" decoding=\"async\" src=\"https:\/\/www.radioluna.it\/news\/wp-content\/uploads\/2026\/03\/Redi-Qr.jpg\" alt=\"\"  srcset=\"https:\/\/www.radioluna.it\/news\/wp-content\/uploads\/2026\/03\/Redi-Qr.jpg 800w, https:\/\/www.radioluna.it\/news\/wp-content\/uploads\/2026\/03\/Redi-Qr-768x639.jpg 768w\" sizes=\"(max-width: 800px) 100vw, 800px\" width=\"300\" height=\"250\"   \/><\/a><\/div><\/div>","protected":false},"excerpt":{"rendered":"<p>LATINA &#8211; \u00c8 con grande tristezza che si apprende la notizia della scomparsa del M\u00b0 Luis de Pablo (1930), dal 2010 Presidente onorario del Festival Pontino di Musica, ma fin dagli anni Ottanta amico del Campus Internazionale di Musica e presenza assidua agli Incontri di musica contemporanea del Festival che in questi decenni ha presentato [&hellip;]<\/p>\n","protected":false},"author":60,"featured_media":0,"comment_status":"open","ping_status":"open","sticky":false,"template":"","format":"standard","meta":{"footnotes":""},"categories":[7],"tags":[],"class_list":["post-299133","post","type-post","status-publish","format-standard","hentry","category-cronaca"],"_links":{"self":[{"href":"https:\/\/www.radioluna.it\/news\/wp-json\/wp\/v2\/posts\/299133","targetHints":{"allow":["GET"]}}],"collection":[{"href":"https:\/\/www.radioluna.it\/news\/wp-json\/wp\/v2\/posts"}],"about":[{"href":"https:\/\/www.radioluna.it\/news\/wp-json\/wp\/v2\/types\/post"}],"author":[{"embeddable":true,"href":"https:\/\/www.radioluna.it\/news\/wp-json\/wp\/v2\/users\/60"}],"replies":[{"embeddable":true,"href":"https:\/\/www.radioluna.it\/news\/wp-json\/wp\/v2\/comments?post=299133"}],"version-history":[{"count":0,"href":"https:\/\/www.radioluna.it\/news\/wp-json\/wp\/v2\/posts\/299133\/revisions"}],"wp:attachment":[{"href":"https:\/\/www.radioluna.it\/news\/wp-json\/wp\/v2\/media?parent=299133"}],"wp:term":[{"taxonomy":"category","embeddable":true,"href":"https:\/\/www.radioluna.it\/news\/wp-json\/wp\/v2\/categories?post=299133"},{"taxonomy":"post_tag","embeddable":true,"href":"https:\/\/www.radioluna.it\/news\/wp-json\/wp\/v2\/tags?post=299133"}],"curies":[{"name":"wp","href":"https:\/\/api.w.org\/{rel}","templated":true}]}}