{"id":299245,"date":"2021-10-13T12:41:16","date_gmt":"2021-10-13T10:41:16","guid":{"rendered":"https:\/\/www.radioluna.it\/news\/?p=299245"},"modified":"2021-10-14T16:35:03","modified_gmt":"2021-10-14T14:35:03","slug":"minturno-quattro-donne-e-un-uomo-nella-giunta-di-gerardo-stefanelli","status":"publish","type":"post","link":"https:\/\/www.radioluna.it\/news\/2021\/10\/minturno-quattro-donne-e-un-uomo-nella-giunta-di-gerardo-stefanelli\/","title":{"rendered":"Minturno, quattro donne e un uomo nella giunta di Gerardo Stefanelli"},"content":{"rendered":"<div id=\"fb-root\"><\/div>\n<p style=\"text-align: justify;\"><strong><img loading=\"lazy\" decoding=\"async\" class=\"aligncenter size-full wp-image-299259\" src=\"https:\/\/www.radioluna.it\/news\/wp-content\/uploads\/2021\/10\/Giunta-rosa.jpg\" alt=\"\" width=\"1024\" height=\"768\" srcset=\"https:\/\/www.radioluna.it\/news\/wp-content\/uploads\/2021\/10\/Giunta-rosa.jpg 1024w, https:\/\/www.radioluna.it\/news\/wp-content\/uploads\/2021\/10\/Giunta-rosa-768x576.jpg 768w\" sizes=\"auto, (max-width: 1024px) 100vw, 1024px\" \/>MINTURNO<\/strong> &#8211; <strong>Il sindaco di Minturno Gerardo Stefanelli<\/strong>, rieletto al primo turno alla guida della sua citt\u00e0, ha nominato oggi la nuova giunta, un esecutivo a trazione rosa. Quattro le donne presenti nella squadra, di cui una sar\u00e0 anche vicesindaca, e un uomo, chiamati a condividere l&#8217;amministrazione del Comune del sud pontino nei prossimi cinque anni. &#8220;Sono loro che mi accompagneranno, una giunta che a differenza della precedente non \u00e8 blindata &#8211; ha spiegato Stefanelli &#8211; potr\u00e0 subire nel corso del mandano rimaneggiamenti se saranno necessari, in modo da dare a tutti l&#8217;opportunit\u00e0 di dare il meglio&#8221;.<\/p>\n<audio class=\"wp-audio-shortcode\" id=\"audio-299245-1\" preload=\"none\" style=\"width: 100%;\" controls=\"controls\"><source type=\"audio\/mpeg\" src=\"https:\/\/www.radioluna.it\/news\/wp-content\/uploads\/2021\/10\/stefanelli-1.mp3?_=1\" \/><a href=\"https:\/\/www.radioluna.it\/news\/wp-content\/uploads\/2021\/10\/stefanelli-1.mp3\">https:\/\/www.radioluna.it\/news\/wp-content\/uploads\/2021\/10\/stefanelli-1.mp3<\/a><\/audio>\n<p style=\"text-align: justify;\">Stefanelli ha nominato <strong>Elisa Venturo<\/strong> vicesindaca e assessora all\u2019Ambiente e attuazione del programma, la professoressa <strong>Rita Alicandro<\/strong> assessora alla cultura, pubblica istruzione e archivio; l\u2019avvocata <strong>Fabiola Pragliola<\/strong> assessora alle Attivit\u00e0 produttive,<strong> Gennaro Orlandi<\/strong> assessore Bilancio e al personale e l\u2019avvocata<strong> Ilaria Pelle<\/strong> assessora ai Servizi sociali. Al termine della conferenza stampa che s \u00e8 tenuta nell&#8217; aula consiliare, fiori per tutte le neo-amministratrici.<\/p>\n<p>E la prima delibera di giunta \u00e8 stata per <strong>Minturno in rosa: &#8220;Proporr\u00f2 anche di donare i gettoni di presenza della prima seduta di consiglio alla Lilt di Latina&#8221;, ha detto Stefanelli.\u00a0<\/strong><\/p>\n<audio class=\"wp-audio-shortcode\" id=\"audio-299245-2\" preload=\"none\" style=\"width: 100%;\" controls=\"controls\"><source type=\"audio\/mpeg\" src=\"https:\/\/www.radioluna.it\/news\/wp-content\/uploads\/2021\/10\/stefanelli-delibere.mp3?_=2\" \/><a href=\"https:\/\/www.radioluna.it\/news\/wp-content\/uploads\/2021\/10\/stefanelli-delibere.mp3\">https:\/\/www.radioluna.it\/news\/wp-content\/uploads\/2021\/10\/stefanelli-delibere.mp3<\/a><\/audio>\n<p style=\"text-align: justify;\">Il primo consiglio comunale sar\u00e0 convocato per sabato 23 ottobre. L&#8217;avvocato Massimo Migliore sar\u00e0 proposto in quell&#8217;occasione all&#8217;aula dalla maggioranza per ricoprire il ruolo di Presidente del Consiglio comunale.<\/p>\n<div class=\"radio-posizionamento-telefono-in-articoli-dopo-il-contenuto-articolo radio-entity-placement\" id=\"radio-876345888\"><div id=\"radio-1140046436\"><a href=\"https:\/\/grupporedi.it\/\" aria-label=\"Redi-Qr\"><img loading=\"lazy\" decoding=\"async\" src=\"https:\/\/www.radioluna.it\/news\/wp-content\/uploads\/2026\/03\/Redi-Qr.jpg\" alt=\"\"  srcset=\"https:\/\/www.radioluna.it\/news\/wp-content\/uploads\/2026\/03\/Redi-Qr.jpg 800w, https:\/\/www.radioluna.it\/news\/wp-content\/uploads\/2026\/03\/Redi-Qr-768x639.jpg 768w\" sizes=\"(max-width: 800px) 100vw, 800px\" width=\"300\" height=\"250\"   \/><\/a><\/div><\/div>","protected":false},"excerpt":{"rendered":"<p>MINTURNO &#8211; Il sindaco di Minturno Gerardo Stefanelli, rieletto al primo turno alla guida della sua citt\u00e0, ha nominato oggi la nuova giunta, un esecutivo a trazione rosa. Quattro le donne presenti nella squadra, di cui una sar\u00e0 anche vicesindaca, e un uomo, chiamati a condividere l&#8217;amministrazione del Comune del sud pontino nei prossimi cinque [&hellip;]<\/p>\n","protected":false},"author":62,"featured_media":299246,"comment_status":"open","ping_status":"open","sticky":false,"template":"","format":"standard","meta":{"footnotes":""},"categories":[2310,8],"tags":[],"class_list":["post-299245","post","type-post","status-publish","format-standard","has-post-thumbnail","hentry","category-audio","category-politica"],"_links":{"self":[{"href":"https:\/\/www.radioluna.it\/news\/wp-json\/wp\/v2\/posts\/299245","targetHints":{"allow":["GET"]}}],"collection":[{"href":"https:\/\/www.radioluna.it\/news\/wp-json\/wp\/v2\/posts"}],"about":[{"href":"https:\/\/www.radioluna.it\/news\/wp-json\/wp\/v2\/types\/post"}],"author":[{"embeddable":true,"href":"https:\/\/www.radioluna.it\/news\/wp-json\/wp\/v2\/users\/62"}],"replies":[{"embeddable":true,"href":"https:\/\/www.radioluna.it\/news\/wp-json\/wp\/v2\/comments?post=299245"}],"version-history":[{"count":0,"href":"https:\/\/www.radioluna.it\/news\/wp-json\/wp\/v2\/posts\/299245\/revisions"}],"wp:featuredmedia":[{"embeddable":true,"href":"https:\/\/www.radioluna.it\/news\/wp-json\/wp\/v2\/media\/299246"}],"wp:attachment":[{"href":"https:\/\/www.radioluna.it\/news\/wp-json\/wp\/v2\/media?parent=299245"}],"wp:term":[{"taxonomy":"category","embeddable":true,"href":"https:\/\/www.radioluna.it\/news\/wp-json\/wp\/v2\/categories?post=299245"},{"taxonomy":"post_tag","embeddable":true,"href":"https:\/\/www.radioluna.it\/news\/wp-json\/wp\/v2\/tags?post=299245"}],"curies":[{"name":"wp","href":"https:\/\/api.w.org\/{rel}","templated":true}]}}