{"id":299267,"date":"2021-10-13T14:08:51","date_gmt":"2021-10-13T12:08:51","guid":{"rendered":"https:\/\/www.radioluna.it\/news\/?p=299267"},"modified":"2021-10-13T14:10:40","modified_gmt":"2021-10-13T12:10:40","slug":"amministrative-a-latina-annalisa-muzio-ha-scelto-nessuna-indicazione-di-voto-per-il-ballottaggio","status":"publish","type":"post","link":"https:\/\/www.radioluna.it\/news\/2021\/10\/amministrative-a-latina-annalisa-muzio-ha-scelto-nessuna-indicazione-di-voto-per-il-ballottaggio\/","title":{"rendered":"Amministrative a Latina, Annalisa Muzio ha scelto: &#8220;Nessuna indicazione di voto per il ballottaggio&#8221;"},"content":{"rendered":"<div id=\"fb-root\"><\/div>\n<p style=\"text-align: justify;\"><strong>LATINA\u00a0 \u00a0&#8211;<\/strong> &#8220;Non daremo alcuna indicazione di voto n\u00e9 per l\u2019uno n\u00e9 per l\u2019altro candidato, lasciando liberi i nostri elettori di scegliere&#8221;. Lo ufficializza in una nota, Annalisa Muzio, candidata sindaca al primo turno a Latina in vista del ballottaggio tra il candidato del centrodestra Vincenzo Zaccheo e il candidato e sindaco uscente Damiano Coletta.<\/p>\n<p style=\"text-align: justify;\">\u201cAbbiamo preferito prenderci il giusto tempo per analizzare il risultato del voto e per confrontarci con la nostra base, oltre che con gli altri schieramenti in campo, cos\u00ec come era corretto fare &#8211; spiega Muzio &#8211;\u00a0 Il nostro risultato elettorale costituisce un successo che va custodito e protetto sia in considerazione del fatto che il movimento Fare Latina \u00e8 nato soltanto lo scorso febbraio e soltanto a luglio ha deciso di proporre la mia candidatura a sindaco e sia perch\u00e9 rappresentiamo, oramai, l\u2019unica alternativa che sieder\u00e0 in consiglio comunale alle due proposte politiche oggi contrapposte al ballottaggio. Il seggio che ci onoreremo di rappresentare certifica \u201cFare Latina\u201d come terza forza politica della citt\u00e0. Questo ci consentir\u00e0 di crescere sempre pi\u00f9 e di prepararci al meglio alle nuove sfide ed ai nuovi appuntamenti elettorali che ci vedranno sicuramente in campo. Manterremo la nostra linea politica e terremo fede al patto del FARE restando fedeli al nostro programma seguendo le direttrici che da sempre ci hanno guidati, della trasparenza, della competenza, del rinnovamento e del pragmatismo&#8221;.<\/p>\n<p style=\"text-align: justify;\">&#8220;Saremo sempre pronti al dialogo\u00a0 &#8211; aggiunge &#8211; ed alla piena collaborazione cos\u00ec come saremo pronti a sostenere e supportare i progetti sani e seriamente realizzabili con lo spirito collaborativo, costruttivo e moderato che ci contraddistingue. Tuttavia, cos\u00ec come da mandato, vigileremo attentamente affinch\u00e9 la nuova amministrazione adempia puntualmente ai programmi di governo ed agli obblighi assunti e saremo da forte e costante stimolo perch\u00e9 le azioni che verranno intraprese siano sempre orientate nella direzione dello sviluppo e del rilancio della citt\u00e0\u201d.<\/p>\n<p style=\"text-align: justify;\">\n<div class=\"radio-posizionamento-telefono-in-articoli-dopo-il-contenuto-articolo radio-entity-placement\" id=\"radio-2251389696\"><div id=\"radio-2791477734\"><a href=\"https:\/\/www.simeoneceramiche.com\/\" aria-label=\"SIMEONE CERAMICHE GIF animata per radioluna_Tavola disegno 1 copia 2 (online-video-cutter.com)\"><img loading=\"lazy\" decoding=\"async\" src=\"https:\/\/www.radioluna.it\/news\/wp-content\/uploads\/2025\/05\/SIMEONE-CERAMICHE-GIF-animata-per-radioluna_Tavola-disegno-1-copia-2-online-video-cutter.com_.gif\" alt=\"\"  width=\"300\" height=\"250\"   \/><\/a><\/div><\/div>","protected":false},"excerpt":{"rendered":"<p>LATINA\u00a0 \u00a0&#8211; &#8220;Non daremo alcuna indicazione di voto n\u00e9 per l\u2019uno n\u00e9 per l\u2019altro candidato, lasciando liberi i nostri elettori di scegliere&#8221;. Lo ufficializza in una nota, Annalisa Muzio, candidata sindaca al primo turno a Latina in vista del ballottaggio tra il candidato del centrodestra Vincenzo Zaccheo e il candidato e sindaco uscente Damiano Coletta. [&hellip;]<\/p>\n","protected":false},"author":62,"featured_media":293635,"comment_status":"open","ping_status":"open","sticky":false,"template":"","format":"standard","meta":{"footnotes":""},"categories":[8],"tags":[],"class_list":["post-299267","post","type-post","status-publish","format-standard","has-post-thumbnail","hentry","category-politica"],"_links":{"self":[{"href":"https:\/\/www.radioluna.it\/news\/wp-json\/wp\/v2\/posts\/299267","targetHints":{"allow":["GET"]}}],"collection":[{"href":"https:\/\/www.radioluna.it\/news\/wp-json\/wp\/v2\/posts"}],"about":[{"href":"https:\/\/www.radioluna.it\/news\/wp-json\/wp\/v2\/types\/post"}],"author":[{"embeddable":true,"href":"https:\/\/www.radioluna.it\/news\/wp-json\/wp\/v2\/users\/62"}],"replies":[{"embeddable":true,"href":"https:\/\/www.radioluna.it\/news\/wp-json\/wp\/v2\/comments?post=299267"}],"version-history":[{"count":0,"href":"https:\/\/www.radioluna.it\/news\/wp-json\/wp\/v2\/posts\/299267\/revisions"}],"wp:featuredmedia":[{"embeddable":true,"href":"https:\/\/www.radioluna.it\/news\/wp-json\/wp\/v2\/media\/293635"}],"wp:attachment":[{"href":"https:\/\/www.radioluna.it\/news\/wp-json\/wp\/v2\/media?parent=299267"}],"wp:term":[{"taxonomy":"category","embeddable":true,"href":"https:\/\/www.radioluna.it\/news\/wp-json\/wp\/v2\/categories?post=299267"},{"taxonomy":"post_tag","embeddable":true,"href":"https:\/\/www.radioluna.it\/news\/wp-json\/wp\/v2\/tags?post=299267"}],"curies":[{"name":"wp","href":"https:\/\/api.w.org\/{rel}","templated":true}]}}