{"id":299512,"date":"2021-10-18T15:00:55","date_gmt":"2021-10-18T13:00:55","guid":{"rendered":"https:\/\/www.radioluna.it\/news\/?p=299512"},"modified":"2021-10-18T20:09:53","modified_gmt":"2021-10-18T18:09:53","slug":"latina-ha-scelto-il-suo-sindaco-tra-coletta-e-zaccheo-lo-spoglio","status":"publish","type":"post","link":"https:\/\/www.radioluna.it\/news\/2021\/10\/latina-ha-scelto-il-suo-sindaco-tra-coletta-e-zaccheo-lo-spoglio\/","title":{"rendered":"Latina ha scelto il suo sindaco, \u00e8 Damiano Coletta"},"content":{"rendered":"<div id=\"fb-root\"><\/div>\n<div style=\"width: 640px;\" class=\"wp-video\"><video class=\"wp-video-shortcode\" id=\"video-299512-1\" width=\"640\" height=\"352\" preload=\"metadata\" controls=\"controls\"><source type=\"video\/mp4\" src=\"https:\/\/www.radioluna.it\/news\/wp-content\/uploads\/2021\/10\/WhatsApp-Video-2021-10-18-at-16.58.50.mp4?_=1\" \/><a href=\"https:\/\/www.radioluna.it\/news\/wp-content\/uploads\/2021\/10\/WhatsApp-Video-2021-10-18-at-16.58.50.mp4\">https:\/\/www.radioluna.it\/news\/wp-content\/uploads\/2021\/10\/WhatsApp-Video-2021-10-18-at-16.58.50.mp4<\/a><\/video><\/div>\n<p style=\"text-align: justify;\"><strong>LATINA &#8211;<\/strong> Terminato il turno di ballottaggio, festa in piazza per Damiano Coletta.<\/p>\n<audio class=\"wp-audio-shortcode\" id=\"audio-299512-1\" preload=\"none\" style=\"width: 100%;\" controls=\"controls\"><source type=\"audio\/mpeg\" src=\"https:\/\/www.radioluna.it\/news\/wp-content\/uploads\/2021\/10\/COLETTA-2-VITTORIA.mp3?_=1\" \/><a href=\"https:\/\/www.radioluna.it\/news\/wp-content\/uploads\/2021\/10\/COLETTA-2-VITTORIA.mp3\">https:\/\/www.radioluna.it\/news\/wp-content\/uploads\/2021\/10\/COLETTA-2-VITTORIA.mp3<\/a><\/audio>\n<p>Incassa la sconfitta il candidato del centrodestra Vincenzo Zaccheo, ma dice: &#8220;Ora lavoriamo tutti insieme per il bene della citt\u00e0&#8221;, e fa anche un&#8217;analisi sul voto.<\/p>\n<p>ASCOLTA<\/p>\n<audio class=\"wp-audio-shortcode\" id=\"audio-299512-2\" preload=\"none\" style=\"width: 100%;\" controls=\"controls\"><source type=\"audio\/mpeg\" src=\"https:\/\/www.radioluna.it\/news\/wp-content\/uploads\/2021\/10\/zaccheo-perde-al-ballottaggio.mp3?_=2\" \/><a href=\"https:\/\/www.radioluna.it\/news\/wp-content\/uploads\/2021\/10\/zaccheo-perde-al-ballottaggio.mp3\">https:\/\/www.radioluna.it\/news\/wp-content\/uploads\/2021\/10\/zaccheo-perde-al-ballottaggio.mp3<\/a><\/audio>\n<p style=\"text-align: justify;\"><strong>ORE 17<\/strong> &#8211; Un urlo si \u00e8 levato dal comitato elettorale di Damiano Coletta, che, secondo i rappresentanti di lista, ha vinto al ballottaggio con il 55% di preferenze. Dal point elettorale ora si stanno muovendo verso il Comune.<\/p>\n<p>La serata si concluder\u00e0 in piazza del Quadrato dove alle 22 arriver\u00e0 anche l&#8217;assessore regionale alla Sanit\u00e0 Alessio D&#8217;Amato per festeggiare la riconferma di Damiano Coletta.<\/p>\n<p><strong>ORE 16.20<\/strong> &#8211;\u00a0Lo scrutinio procede veloce e la tenuta del candidato del centrosinistra Damiano Coletta \u00e8 forte anche nei borghi. C&#8217;\u00e8 un clima di ottimismo nel comitato elettorale di Coletta dove \u00e8 arrivato anche il commissario del Pd mauri.\u00a0Anche al point elettorale di Vincenzo Zaccheo i dati che arrivano dai rappresentanti di lista sono in linea con quelli forniti da Eligendo, &#8220;Ma \u2013 spiegano \u2013 attendiamo di conoscere i risultati definitivi&#8221;.<\/p>\n<p><img loading=\"lazy\" decoding=\"async\" class=\"alignright size-full wp-image-299528\" src=\"https:\/\/www.radioluna.it\/news\/wp-content\/uploads\/2021\/10\/elezioni.jpg\" alt=\"\" width=\"1052\" height=\"159\" \/><\/p>\n<p><strong>ORE 16<\/strong> &#8211; Cominciano ad affluire i primi dati delle sezioni gi\u00e0 scrutinate, le prime 12 del centro citt\u00e0 vedono il sindaco uscente Damiano Coletta in vantaggio sullo sfidante Vincenzo Zaccheo con oltre il 56% delle preferenze.<\/p>\n<p><strong>ORE 15:43<\/strong> &#8211; Arriva anche il dato sull&#8217;affluenza a Latina dove hanno votato poco pi\u00f9 della met\u00e0 degli aventi diritto. Sono stati il 52,71%. Al primo turno erano stati il 61,18%.<\/p>\n<p style=\"text-align: justify;\"><strong>ORE 15<\/strong> &#8211; Urne chiuse alle 15 e cominciano le operazioni di scrutinio nelle 116 sezioni allestite nel territorio comunale di Latina. Il primo dato sar\u00e0 l&#8217;affluenza definitiva. Ancora per tutta la mattinata di oggi a Latina, dopo il basso dato di affluenza registrato nella giornata di ieri, molti i messaggi di invito al voto che sono stati diffusi via chat.<\/p>\n<p>&nbsp;<\/p>\n<div class=\"radio-posizionamento-telefono-in-articoli-dopo-il-contenuto-articolo radio-entity-placement\" id=\"radio-3597882236\"><div id=\"radio-2655337295\"><a href=\"https:\/\/grupporedi.it\/\" aria-label=\"Redi-Qr\"><img loading=\"lazy\" decoding=\"async\" src=\"https:\/\/www.radioluna.it\/news\/wp-content\/uploads\/2026\/03\/Redi-Qr.jpg\" alt=\"\"  srcset=\"https:\/\/www.radioluna.it\/news\/wp-content\/uploads\/2026\/03\/Redi-Qr.jpg 800w, https:\/\/www.radioluna.it\/news\/wp-content\/uploads\/2026\/03\/Redi-Qr-768x639.jpg 768w\" sizes=\"(max-width: 800px) 100vw, 800px\" width=\"300\" height=\"250\"   \/><\/a><\/div><\/div>","protected":false},"excerpt":{"rendered":"<p>LATINA &#8211; Terminato il turno di ballottaggio, festa in piazza per Damiano Coletta. Incassa la sconfitta il candidato del centrodestra Vincenzo Zaccheo, ma dice: &#8220;Ora lavoriamo tutti insieme per il bene della citt\u00e0&#8221;, e fa anche un&#8217;analisi sul voto. ASCOLTA ORE 17 &#8211; Un urlo si \u00e8 levato dal comitato elettorale di Damiano Coletta, che, [&hellip;]<\/p>\n","protected":false},"author":60,"featured_media":0,"comment_status":"open","ping_status":"open","sticky":false,"template":"","format":"standard","meta":{"footnotes":""},"categories":[2310,8,2312],"tags":[],"class_list":["post-299512","post","type-post","status-publish","format-standard","hentry","category-audio","category-politica","category-video"],"_links":{"self":[{"href":"https:\/\/www.radioluna.it\/news\/wp-json\/wp\/v2\/posts\/299512","targetHints":{"allow":["GET"]}}],"collection":[{"href":"https:\/\/www.radioluna.it\/news\/wp-json\/wp\/v2\/posts"}],"about":[{"href":"https:\/\/www.radioluna.it\/news\/wp-json\/wp\/v2\/types\/post"}],"author":[{"embeddable":true,"href":"https:\/\/www.radioluna.it\/news\/wp-json\/wp\/v2\/users\/60"}],"replies":[{"embeddable":true,"href":"https:\/\/www.radioluna.it\/news\/wp-json\/wp\/v2\/comments?post=299512"}],"version-history":[{"count":0,"href":"https:\/\/www.radioluna.it\/news\/wp-json\/wp\/v2\/posts\/299512\/revisions"}],"wp:attachment":[{"href":"https:\/\/www.radioluna.it\/news\/wp-json\/wp\/v2\/media?parent=299512"}],"wp:term":[{"taxonomy":"category","embeddable":true,"href":"https:\/\/www.radioluna.it\/news\/wp-json\/wp\/v2\/categories?post=299512"},{"taxonomy":"post_tag","embeddable":true,"href":"https:\/\/www.radioluna.it\/news\/wp-json\/wp\/v2\/tags?post=299512"}],"curies":[{"name":"wp","href":"https:\/\/api.w.org\/{rel}","templated":true}]}}