{"id":299554,"date":"2021-10-18T20:09:10","date_gmt":"2021-10-18T18:09:10","guid":{"rendered":"https:\/\/www.radioluna.it\/news\/?p=299554"},"modified":"2021-10-21T09:55:44","modified_gmt":"2021-10-21T07:55:44","slug":"damiano-coletta-e-di-nuovo-sindaco-di-latina-scelta-epocale-ora-guardiamo-al-futuro","status":"publish","type":"post","link":"https:\/\/www.radioluna.it\/news\/2021\/10\/damiano-coletta-e-di-nuovo-sindaco-di-latina-scelta-epocale-ora-guardiamo-al-futuro\/","title":{"rendered":"Damiano Coletta \u00e8 di nuovo sindaco di Latina: &#8220;Scelta epocale, ora guardiamo al futuro&#8221;"},"content":{"rendered":"<div id=\"fb-root\"><\/div>\n<p style=\"text-align: justify;\"><strong>LATINA &#8211;<\/strong> &#8220;Partita finisce quando arbitro fischia&#8221;, ha detto il rieletto sindaco di Latina Damiano Coletta che ha riconquistato al ballottaggio la fascia di primo cittadino con oltre il 54% delle preferenze. &#8220;Questa partita era epocale, troppo importante per la citt\u00e0. Latina ha scelto di guardare avanti e di premiare chi, anche sbagliando, ha lavorato sodo per amore della citt\u00e0 e per affermare i valori del bene comune, dell&#8217;onesta, dell&#8217;equit\u00e0, dello sviluppo sostenibile&#8221;. Lo ha detto davanti a una pizza piena di persone accorse per festeggiare la sua rielezione.<\/p>\n<p>Coletta ha incontrato i giornalisti nella sala stampa allestita al museo Cambellotti, ecco le sue prime parole<\/p>\n<audio class=\"wp-audio-shortcode\" id=\"audio-299554-1\" preload=\"none\" style=\"width: 100%;\" controls=\"controls\"><source type=\"audio\/mpeg\" src=\"https:\/\/www.radioluna.it\/news\/wp-content\/uploads\/2021\/10\/damiano-1.mp3?_=1\" \/><a href=\"https:\/\/www.radioluna.it\/news\/wp-content\/uploads\/2021\/10\/damiano-1.mp3\">https:\/\/www.radioluna.it\/news\/wp-content\/uploads\/2021\/10\/damiano-1.mp3<\/a><\/audio>\n<p style=\"text-align: justify;\">&#8220;Ora \u00e8 il momento di guardare avanti, per il bene della citt\u00e0 e dei cittadini. La prima cosa da fare sar\u00e0 incontrare tutte le forze politiche che compongono il consiglio con un obiettivo comune: Latina&#8221;.<\/p>\n<audio class=\"wp-audio-shortcode\" id=\"audio-299554-2\" preload=\"none\" style=\"width: 100%;\" controls=\"controls\"><source type=\"audio\/mpeg\" src=\"https:\/\/www.radioluna.it\/news\/wp-content\/uploads\/2021\/10\/damiano-2.mp3?_=2\" \/><a href=\"https:\/\/www.radioluna.it\/news\/wp-content\/uploads\/2021\/10\/damiano-2.mp3\">https:\/\/www.radioluna.it\/news\/wp-content\/uploads\/2021\/10\/damiano-2.mp3<\/a><\/audio>\n<div class=\"radio-posizionamento-telefono-in-articoli-dopo-il-contenuto-articolo radio-entity-placement\" id=\"radio-1638932203\"><div id=\"radio-1192981247\"><a href=\"https:\/\/www.simeoneceramiche.com\/\" aria-label=\"SIMEONE CERAMICHE GIF animata per radioluna_Tavola disegno 1 copia 2 (online-video-cutter.com)\"><img loading=\"lazy\" decoding=\"async\" src=\"https:\/\/www.radioluna.it\/news\/wp-content\/uploads\/2025\/05\/SIMEONE-CERAMICHE-GIF-animata-per-radioluna_Tavola-disegno-1-copia-2-online-video-cutter.com_.gif\" alt=\"\"  width=\"300\" height=\"250\"   \/><\/a><\/div><\/div>","protected":false},"excerpt":{"rendered":"<p>LATINA &#8211; &#8220;Partita finisce quando arbitro fischia&#8221;, ha detto il rieletto sindaco di Latina Damiano Coletta che ha riconquistato al ballottaggio la fascia di primo cittadino con oltre il 54% delle preferenze. &#8220;Questa partita era epocale, troppo importante per la citt\u00e0. Latina ha scelto di guardare avanti e di premiare chi, anche sbagliando, ha lavorato [&hellip;]<\/p>\n","protected":false},"author":60,"featured_media":0,"comment_status":"open","ping_status":"open","sticky":false,"template":"","format":"standard","meta":{"footnotes":""},"categories":[2310,8],"tags":[],"class_list":["post-299554","post","type-post","status-publish","format-standard","hentry","category-audio","category-politica"],"_links":{"self":[{"href":"https:\/\/www.radioluna.it\/news\/wp-json\/wp\/v2\/posts\/299554","targetHints":{"allow":["GET"]}}],"collection":[{"href":"https:\/\/www.radioluna.it\/news\/wp-json\/wp\/v2\/posts"}],"about":[{"href":"https:\/\/www.radioluna.it\/news\/wp-json\/wp\/v2\/types\/post"}],"author":[{"embeddable":true,"href":"https:\/\/www.radioluna.it\/news\/wp-json\/wp\/v2\/users\/60"}],"replies":[{"embeddable":true,"href":"https:\/\/www.radioluna.it\/news\/wp-json\/wp\/v2\/comments?post=299554"}],"version-history":[{"count":0,"href":"https:\/\/www.radioluna.it\/news\/wp-json\/wp\/v2\/posts\/299554\/revisions"}],"wp:attachment":[{"href":"https:\/\/www.radioluna.it\/news\/wp-json\/wp\/v2\/media?parent=299554"}],"wp:term":[{"taxonomy":"category","embeddable":true,"href":"https:\/\/www.radioluna.it\/news\/wp-json\/wp\/v2\/categories?post=299554"},{"taxonomy":"post_tag","embeddable":true,"href":"https:\/\/www.radioluna.it\/news\/wp-json\/wp\/v2\/tags?post=299554"}],"curies":[{"name":"wp","href":"https:\/\/api.w.org\/{rel}","templated":true}]}}