{"id":299560,"date":"2021-10-19T11:37:27","date_gmt":"2021-10-19T09:37:27","guid":{"rendered":"https:\/\/www.radioluna.it\/news\/?p=299560"},"modified":"2021-10-23T05:02:18","modified_gmt":"2021-10-23T03:02:18","slug":"a-latina-la-vittoria-di-coletta-il-cielo-e-azzurro-sopra-latina-ma-la-partita-piu-difficile-comincia-oggi","status":"publish","type":"post","link":"https:\/\/www.radioluna.it\/news\/2021\/10\/a-latina-la-vittoria-di-coletta-il-cielo-e-azzurro-sopra-latina-ma-la-partita-piu-difficile-comincia-oggi\/","title":{"rendered":"La  vittoria di Coletta: &#8220;Il cielo \u00e8 azzurro sopra Latina&#8221;. Ma la partita pi\u00f9 difficile comincia oggi"},"content":{"rendered":"<div id=\"fb-root\"><\/div>\n<p style=\"text-align: justify;\"><strong>LATINA\u00a0<\/strong> &#8211; Il sindaco calciatore se l&#8217;\u00e8 giocata fino all&#8217;ultimo e ha vinto. La competizione \u00e8 la sua comfort zone. &#8220;Il cielo ora \u00e8 azzurro sopra Latina&#8221;, dice <strong>Damiano Coletta<\/strong> riconfermato alla guida del capoluogo. Parla a braccio, emozionato, stretto tra la folla che lo acclama: &#8220;Capitano, c&#8217;\u00e8 solo un capitanooo&#8221;. Sono cittadini di ogni estrazione e di ogni et\u00e0, tanti i ragazzi.<\/p>\n<p style=\"text-align: justify;\">Nel comitato elettorale del sindaco di Latina, grazie a un programma ben congegnato, <strong>era bastata mezz&#8217;ora ieri pomeriggio per capire come sarebbe andato a finire il turno di ballottaggio<\/strong>. Nessuna fuga in avanti, per\u00f2. La certezza assoluta \u00e8 arrivata poco prima delle cinque del pomeriggio, dopo che gli applausi si erano fatti pi\u00f9 frequenti in<strong> Via Cattaneo<\/strong>, nel locale preso in affitto dal <strong>Movimento civico<\/strong>, non a caso di fronte al grande, simbolico\u00a0 <strong>murales, con gli occhi di Falcone e Borsellino<\/strong>. Quella coppia straordinaria di martiri italiani che tanta impopolarit\u00e0 \u00e8 costata a Coletta quando i loro nomi sono stati scelti per intitolare i Giardinetti. Ma oggi \u00e8 un altro giorno: <strong>Coletta ha stravinto in citt\u00e0, tenuto bene nei borghi<\/strong> dove il risultato del primo turno \u00e8 uscito stravolto; si \u00e8 affermato a <strong>Latina Scalo<\/strong> con numeri netti e oltre le aspettative.\u00a0 Sono arrivate anche le lacrime, tante lacrime di gioia liberatoria, nel locale a piano strada dove i sentimenti di giovani e meno giovani l&#8217;hanno sempre fatta da padrona sulle logiche politiche.<strong> E&#8217; il civismo, bellezza!<\/strong><\/p>\n<p style=\"text-align: justify;\">&#8220;<strong>Credo sia stato premiato chi ci ha messo davvero il cuore per questa citt\u00e0.<\/strong> Latina ha scelto di guardare avanti, di premiare chi, anche sbagliando, ha lavorato sodo per affermare i lavori dell&#8217;onest\u00e0, della legalit\u00e0, dello sviluppo sostenibile &#8211; ha detto Coletta parlando di getto &#8211;\u00a0 Dopo i faticosi anni della ricostruzione, adesso \u00e8 il momento di sederci tutti insieme, tutte le forze politiche, perch\u00e9 questo \u00e8 il momento della storia in cui abbiamo bisogno delle migliori risorse di questa citt\u00e0&#8221;. Il pensiero va a chi \u00e8 stato pi\u00f9 provato dalla pandemia, ma guardando a un futuro di speranza le cui basi sono gi\u00e0 state poste: &#8220;Durante il covid c&#8217;\u00e8 chi ha sofferto, perch\u00e9 ha perso qualcuno; c&#8217;\u00e8 chi ha sofferto perch\u00e9 ha perso il lavoro, ora <strong>dobbiamo pensare a ridurre le disuguaglianze sociali<\/strong>, perch\u00e9 questa citt\u00e0 \u00e8 solidale e questo \u00e8 il momento dello sviluppo, possibile con le risorse importanti che arriveranno. <strong>Lo dobbiamo\u00a0 fare\u00a0 &#8211; conclude &#8211; per questi meravigliosi giovani che sono stati la mia forza in questi giorni<\/strong>&#8220;.<\/p>\n<p style=\"text-align: justify;\">E la <strong>foto-simbolo della giornata \u00e8 proprio quella che vede Coletta circondato dai ragazzi<\/strong>: &#8220;Non uno slogan elettorale, ma un dato concreto&#8221;, dice il cardiologo riconvertito alla politica. Ci sono <strong>Valeria Campagna<\/strong>, che ha creduto sin da subito nel progetto civico e comincia il suo secondo mandato;<strong> Leonardo Majocchi<\/strong>, classe 2000, che da tempo, insieme con altri ragazzi dei Giovani Democratici, si batteva per il rinnovamento del PD arrivato a primavera in maniera traumatica, ma che li ha trovati pronti. C&#8217;\u00e8 <strong>Francesco Pannone<\/strong>, che da solo ha costruito la lista Riguarda Latina e che, con questa vittoria, si \u00e8 preso un seggio in consiglio comunale. La nonna, Maria Rosaria Vitiello, si muove tra la folla: &#8220;Finalmente oggi mi vedi piangere di gioia&#8221;.<\/p>\n<p style=\"text-align: justify;\">E ora, se \u00e8 vero che \u201cpartita finisce quando arbitro fischia\u201d (per dirla con indimenticabile frase di Vujadin Boskov pi\u00f9 volte citata in questa campagna elettorale di ballottaggio a Latina), la partita non \u00e8 affatto finita. Il lavoro comincia oggi, per trovare il consenso in un consiglio comunale che \u00e8 <strong>&#8220;anatra zoppa&#8221;<\/strong>. La fase pi\u00f9 delicata comincia con il dialogo che dovr\u00e0 portare questo capoluogo a diventare un nuovo laboratorio, e non pi\u00f9 solo del centrodestra. <strong>C&#8217;\u00e8 un&#8217;altra citt\u00e0 che \u00e8 emersa in questi anni<\/strong> e che vuole dire la sua. Ci vorr\u00e0 tanta capacit\u00e0 politica, ma anche tanta citt\u00e0. E&#8217; la citt\u00e0 che partecipa, che osserva, che cresce. Sindaco, coltivala.<\/p>\n<p>&nbsp;<\/p>\n<div class=\"radio-posizionamento-telefono-in-articoli-dopo-il-contenuto-articolo radio-entity-placement\" id=\"radio-2294774613\"><div id=\"radio-3620421496\"><a href=\"https:\/\/www.simeoneceramiche.com\/\" aria-label=\"SIMEONE CERAMICHE GIF animata per radioluna_Tavola disegno 1 copia 2 (online-video-cutter.com)\"><img loading=\"lazy\" decoding=\"async\" src=\"https:\/\/www.radioluna.it\/news\/wp-content\/uploads\/2025\/05\/SIMEONE-CERAMICHE-GIF-animata-per-radioluna_Tavola-disegno-1-copia-2-online-video-cutter.com_.gif\" alt=\"\"  width=\"300\" height=\"250\"   \/><\/a><\/div><\/div>","protected":false},"excerpt":{"rendered":"<p>LATINA\u00a0 &#8211; Il sindaco calciatore se l&#8217;\u00e8 giocata fino all&#8217;ultimo e ha vinto. La competizione \u00e8 la sua comfort zone. &#8220;Il cielo ora \u00e8 azzurro sopra Latina&#8221;, dice Damiano Coletta riconfermato alla guida del capoluogo. Parla a braccio, emozionato, stretto tra la folla che lo acclama: &#8220;Capitano, c&#8217;\u00e8 solo un capitanooo&#8221;. Sono cittadini di ogni [&hellip;]<\/p>\n","protected":false},"author":62,"featured_media":299583,"comment_status":"open","ping_status":"open","sticky":false,"template":"","format":"standard","meta":{"footnotes":""},"categories":[8],"tags":[],"class_list":["post-299560","post","type-post","status-publish","format-standard","has-post-thumbnail","hentry","category-politica"],"_links":{"self":[{"href":"https:\/\/www.radioluna.it\/news\/wp-json\/wp\/v2\/posts\/299560","targetHints":{"allow":["GET"]}}],"collection":[{"href":"https:\/\/www.radioluna.it\/news\/wp-json\/wp\/v2\/posts"}],"about":[{"href":"https:\/\/www.radioluna.it\/news\/wp-json\/wp\/v2\/types\/post"}],"author":[{"embeddable":true,"href":"https:\/\/www.radioluna.it\/news\/wp-json\/wp\/v2\/users\/62"}],"replies":[{"embeddable":true,"href":"https:\/\/www.radioluna.it\/news\/wp-json\/wp\/v2\/comments?post=299560"}],"version-history":[{"count":0,"href":"https:\/\/www.radioluna.it\/news\/wp-json\/wp\/v2\/posts\/299560\/revisions"}],"wp:featuredmedia":[{"embeddable":true,"href":"https:\/\/www.radioluna.it\/news\/wp-json\/wp\/v2\/media\/299583"}],"wp:attachment":[{"href":"https:\/\/www.radioluna.it\/news\/wp-json\/wp\/v2\/media?parent=299560"}],"wp:term":[{"taxonomy":"category","embeddable":true,"href":"https:\/\/www.radioluna.it\/news\/wp-json\/wp\/v2\/categories?post=299560"},{"taxonomy":"post_tag","embeddable":true,"href":"https:\/\/www.radioluna.it\/news\/wp-json\/wp\/v2\/tags?post=299560"}],"curies":[{"name":"wp","href":"https:\/\/api.w.org\/{rel}","templated":true}]}}