{"id":299633,"date":"2021-10-20T11:17:01","date_gmt":"2021-10-20T09:17:01","guid":{"rendered":"https:\/\/www.radioluna.it\/news\/?p=299633"},"modified":"2021-10-21T09:55:40","modified_gmt":"2021-10-21T07:55:40","slug":"gaeta-sub-disperso-trovato-morto-a-punta-stendardo","status":"publish","type":"post","link":"https:\/\/www.radioluna.it\/news\/2021\/10\/gaeta-sub-disperso-trovato-morto-a-punta-stendardo\/","title":{"rendered":"Tragica battuta di pesca notturna a Gaeta, sub disperso trovato morto a Punta Stendardo"},"content":{"rendered":"<div id=\"fb-root\"><\/div>\n<p style=\"text-align: justify;\"><strong>GAETA<\/strong> &#8211; Un subacqueo che era scomparso nella notte durante una battuta di pesca in apnea \u00e8 stato trovato privo di vita nelle acque di Gaeta. Il giovane, 33 anni, secondo una prima ricostruzione della Guardia Costiera che sta operando, si era immerso\u00a0 con un amico che soltanto questa mattina, non vedendolo riaffiorare, ha deciso di dare l&#8217;allarme.<\/p>\n<p style=\"text-align: justify;\">La segnalazione alla Capitaneria di Porto \u00e8 arrivata intorno alle 8\u00a0 e sono scattate immediate le ricerche in mare con diversi mezzi, fino al ritrovamento del giovane. La salma \u00e8 stata recuperata nei pressi di Punta Stendardo nel tratto vicino alla celebre Montagna Spaccata dove la vittima e il suo amico erano andati a pescare partendo a nuoto dalla spiaggia di Serapo. Entrambi provenivano dalla Campania.<\/p>\n<p style=\"text-align: justify;\">Si indaga sul perch\u00e9 i soccorsi siano stati chiamati in ritardo e sono in corso gli accertamenti del caso. Il corpo \u00e8 a disposizione dell&#8217;autorit\u00e0 giudiziaria.<\/p>\n<div class=\"radio-posizionamento-telefono-in-articoli-dopo-il-contenuto-articolo radio-entity-placement\" id=\"radio-240939196\"><div id=\"radio-3972742889\" style=\"width: 300px;height: 250px;\"><a href=\"https:\/\/www.icarspa.it\/auto\/usate\/latina\/\" aria-label=\"banner aprile icar new life &#8211; auto usate latina\"><img loading=\"lazy\" decoding=\"async\" src=\"https:\/\/www.radioluna.it\/news\/wp-content\/uploads\/2026\/02\/banner-aprile-icar-new-life-auto-usate-latina.gif\" alt=\"\"  width=\"300\" height=\"250\"   \/><\/a><\/div><\/div>","protected":false},"excerpt":{"rendered":"<p>GAETA &#8211; Un subacqueo che era scomparso nella notte durante una battuta di pesca in apnea \u00e8 stato trovato privo di vita nelle acque di Gaeta. Il giovane, 33 anni, secondo una prima ricostruzione della Guardia Costiera che sta operando, si era immerso\u00a0 con un amico che soltanto questa mattina, non vedendolo riaffiorare, ha deciso [&hellip;]<\/p>\n","protected":false},"author":62,"featured_media":291771,"comment_status":"open","ping_status":"open","sticky":false,"template":"","format":"standard","meta":{"footnotes":""},"categories":[7],"tags":[],"class_list":["post-299633","post","type-post","status-publish","format-standard","has-post-thumbnail","hentry","category-cronaca"],"_links":{"self":[{"href":"https:\/\/www.radioluna.it\/news\/wp-json\/wp\/v2\/posts\/299633","targetHints":{"allow":["GET"]}}],"collection":[{"href":"https:\/\/www.radioluna.it\/news\/wp-json\/wp\/v2\/posts"}],"about":[{"href":"https:\/\/www.radioluna.it\/news\/wp-json\/wp\/v2\/types\/post"}],"author":[{"embeddable":true,"href":"https:\/\/www.radioluna.it\/news\/wp-json\/wp\/v2\/users\/62"}],"replies":[{"embeddable":true,"href":"https:\/\/www.radioluna.it\/news\/wp-json\/wp\/v2\/comments?post=299633"}],"version-history":[{"count":0,"href":"https:\/\/www.radioluna.it\/news\/wp-json\/wp\/v2\/posts\/299633\/revisions"}],"wp:featuredmedia":[{"embeddable":true,"href":"https:\/\/www.radioluna.it\/news\/wp-json\/wp\/v2\/media\/291771"}],"wp:attachment":[{"href":"https:\/\/www.radioluna.it\/news\/wp-json\/wp\/v2\/media?parent=299633"}],"wp:term":[{"taxonomy":"category","embeddable":true,"href":"https:\/\/www.radioluna.it\/news\/wp-json\/wp\/v2\/categories?post=299633"},{"taxonomy":"post_tag","embeddable":true,"href":"https:\/\/www.radioluna.it\/news\/wp-json\/wp\/v2\/tags?post=299633"}],"curies":[{"name":"wp","href":"https:\/\/api.w.org\/{rel}","templated":true}]}}