{"id":299646,"date":"2021-10-20T12:02:20","date_gmt":"2021-10-20T10:02:20","guid":{"rendered":"https:\/\/www.radioluna.it\/news\/?p=299646"},"modified":"2021-10-21T09:55:54","modified_gmt":"2021-10-21T07:55:54","slug":"in-handbike-dalla-georgia-a-san-felice-circeo-il-viaggio-di-sasha-avdevich","status":"publish","type":"post","link":"https:\/\/www.radioluna.it\/news\/2021\/10\/in-handbike-dalla-georgia-a-san-felice-circeo-il-viaggio-di-sasha-avdevich\/","title":{"rendered":"In handbike dalla Georgia a San Felice Circeo: il viaggio di Sasha Avdevich"},"content":{"rendered":"<div id=\"fb-root\"><\/div>\n<p style=\"text-align: justify;\"><strong>SAN FELICE CIRCEO &#8211; <\/strong>San Felice Circeo ha ospitato una tappa del \u201cWorld Inclusive Trip\u201d di Sasha Avdevich, grazie anche alla presenza dello storico Centro Ferie Salvatore, struttura alberghiera senza barriere. Il paratleta blielorusso di 36 anni, rimasto disabile nel 2011 a seguito di un incidente motociclistico, che ha fondato un\u2019associazione che ha come obiettivo quello di aiutare persone nella sua stessa situazione e per questo ha aperto una catena di caffetterie in Bielorussia,\u00a0 gli \u201cInclusive Barista\u201d, dove lavorano solo persone disabili, nel 2017 ha iniziato ad attraversare l\u2019Europa in handbike per lanciare un messaggio di inclusione: nella sua prima uscita ha coperto il tragitto Bielorussia-Portogallo con la sua handbike senza assistenza elettrica. Cinquantotto giorni fa, Avdevich ha iniziato il suo nuovo viaggio che lo ha portato dalla Georgia a San Felice Circeo, passando per la Turchia e la Grecia con l&#8217;obiettivo di raggiungere prima Tenerife e poi l\u2019Inghilterra.<\/p>\n<p style=\"text-align: justify;\">\u201cLa storia di questo ragazzo \u2013 ha commentato il sindaco Giuseppe Schiboni \u2013 \u00e8 esemplare: ha saputo riprendersi dopo un gravissimo incidente e affrontare una nuova vita. Siamo lieti che Sasha abbia scelto il nostro paese per veicolare il suo messaggio sportivo ma soprattutto di inclusione sociale\u201d.<\/p>\n<p style=\"text-align: justify;\">\u201cHo attraversato il Circeo in handbike,\u00a0 \u00e8 un luogo incantevole con panorami meravigliosi\u00a0\u2013 ha dichiarato\u00a0Sasha Avdevich\u00a0\u2013\u00a0Ho conosciuto San Felice grazie a un mio follower israeliano che mi ha raccomandato il posto e il Centro Ferie Salvatore: sono rimasto colpito dall\u2019accoglienza ricevuta e dalla possibilit\u00e0 di muovermi in un abito attrezzato, dove ho anche potuto fare un bagno al mare.\u201d<\/p>\n<p style=\"text-align: justify;\">\u201cDopo il Rugby in carrozzina\u00a0\u2013 ha aggiunto\u00a0Felice Capponi, assessore allo Sport \u2013\u00a0evento con cui ad agosto abbiamo ricordato la memoria di Eleonora Gehring, fondatrice del Centro Ferie Salvatore assieme a Salvatore Avagliano, ancora una volta assistiamo sul nostro territorio a una dimostrazione dell\u2019importanza dello sport per disabili, che veicola messaggi sui loro diritti e sulle problematiche che devono affrontare tutti i giorni, da soli o assieme alle loro famiglie. A breve, ospiteremo al Circeo un incontro sull\u2019autismo e le sue problematiche e stiamo lavorando ad altri eventi, non solo sportivi, per sensibilizzare le persone sulla disabilit\u00e0 in generale.\u201d<\/p>\n<p style=\"text-align: justify;\">\u201cLa presenza di Sasha\u00a0\u2013 conclude\u00a0Sabina Avagliano, responsabile del Centro \u2013\u00a0conferma che la nostra struttura \u00e8 riconosciuta a livello internazionale tra le pi\u00f9 attrezzate e che il Circeo \u00e8 una location straordinaria anche per gli sport per disabili. Sasha ha lanciato un messaggio forte e ci auguriamo che altri atleti internazionali passino per San Felice per raccontare le loro storie di inclusione.\u201d<\/p>\n<div class=\"radio-posizionamento-telefono-in-articoli-dopo-il-contenuto-articolo radio-entity-placement\" id=\"radio-315680677\"><div id=\"radio-795964800\"><a href=\"https:\/\/www.simeoneceramiche.com\/\" aria-label=\"SIMEONE CERAMICHE GIF animata per radioluna_Tavola disegno 1 copia 2 (online-video-cutter.com)\"><img loading=\"lazy\" decoding=\"async\" src=\"https:\/\/www.radioluna.it\/news\/wp-content\/uploads\/2025\/05\/SIMEONE-CERAMICHE-GIF-animata-per-radioluna_Tavola-disegno-1-copia-2-online-video-cutter.com_.gif\" alt=\"\"  width=\"300\" height=\"250\"   \/><\/a><\/div><\/div>","protected":false},"excerpt":{"rendered":"<p>SAN FELICE CIRCEO &#8211; San Felice Circeo ha ospitato una tappa del \u201cWorld Inclusive Trip\u201d di Sasha Avdevich, grazie anche alla presenza dello storico Centro Ferie Salvatore, struttura alberghiera senza barriere. Il paratleta blielorusso di 36 anni, rimasto disabile nel 2011 a seguito di un incidente motociclistico, che ha fondato un\u2019associazione che ha come obiettivo [&hellip;]<\/p>\n","protected":false},"author":62,"featured_media":299647,"comment_status":"open","ping_status":"open","sticky":false,"template":"","format":"standard","meta":{"footnotes":""},"categories":[735],"tags":[],"class_list":["post-299646","post","type-post","status-publish","format-standard","has-post-thumbnail","hentry","category-attualita"],"_links":{"self":[{"href":"https:\/\/www.radioluna.it\/news\/wp-json\/wp\/v2\/posts\/299646","targetHints":{"allow":["GET"]}}],"collection":[{"href":"https:\/\/www.radioluna.it\/news\/wp-json\/wp\/v2\/posts"}],"about":[{"href":"https:\/\/www.radioluna.it\/news\/wp-json\/wp\/v2\/types\/post"}],"author":[{"embeddable":true,"href":"https:\/\/www.radioluna.it\/news\/wp-json\/wp\/v2\/users\/62"}],"replies":[{"embeddable":true,"href":"https:\/\/www.radioluna.it\/news\/wp-json\/wp\/v2\/comments?post=299646"}],"version-history":[{"count":0,"href":"https:\/\/www.radioluna.it\/news\/wp-json\/wp\/v2\/posts\/299646\/revisions"}],"wp:featuredmedia":[{"embeddable":true,"href":"https:\/\/www.radioluna.it\/news\/wp-json\/wp\/v2\/media\/299647"}],"wp:attachment":[{"href":"https:\/\/www.radioluna.it\/news\/wp-json\/wp\/v2\/media?parent=299646"}],"wp:term":[{"taxonomy":"category","embeddable":true,"href":"https:\/\/www.radioluna.it\/news\/wp-json\/wp\/v2\/categories?post=299646"},{"taxonomy":"post_tag","embeddable":true,"href":"https:\/\/www.radioluna.it\/news\/wp-json\/wp\/v2\/tags?post=299646"}],"curies":[{"name":"wp","href":"https:\/\/api.w.org\/{rel}","templated":true}]}}