{"id":299656,"date":"2021-10-20T08:35:37","date_gmt":"2021-10-20T06:35:37","guid":{"rendered":"https:\/\/www.radioluna.it\/news\/?p=299656"},"modified":"2021-10-20T12:38:04","modified_gmt":"2021-10-20T10:38:04","slug":"da-oggi-a-fondi-certificati-anagrafici-anche-in-tabaccheria","status":"publish","type":"post","link":"https:\/\/www.radioluna.it\/news\/2021\/10\/da-oggi-a-fondi-certificati-anagrafici-anche-in-tabaccheria\/","title":{"rendered":"Da oggi a Fondi certificati anagrafici anche in tabaccheria"},"content":{"rendered":"<div id=\"fb-root\"><\/div>\n<p style=\"text-align: justify;\"><strong>FONDI<\/strong> &#8211; Grazie ad una convenzione tra il Comune di Fondi e la Federazione Italiana Tabaccai (FIT) da oggi \u00e8 possibile richiedere certificati anagrafici anche in tabaccheria. Ad inaugurare il nuovo servizio \u00e8 stato questa mattina il sindaco Beniamino Maschietto accompagnato per l&#8217;occasione dal vice presidente provinciale della Federazione Luigi Carnevale. Le tabaccherie del territorio che partiranno in via sperimentale per il nuovo progetto, possibile grazie alla collaborazione di Novares (societ\u00e0 del gruppo FIT), sono dieci e sono dislocate in varie zone a copertura dell&#8217;intero territorio comunale. La prima richiesta \u00e8 stata evasa dalla rivendita Tabacchi Carnevale, sorteggiata tra le dieci ricevitorie in cui \u00e8 gi\u00e0 attivo il servizio.<\/p>\n<p style=\"text-align: justify;\">A breve, in una seconda fase, l\u2019adesione al progetto sar\u00e0 estesa a tutte le tabaccherie associate FIT del Comune di Fondi. Il numero dei punti vendita convenzionati, quindi, aumenter\u00e0 dando vita ad una grande rete civica al servizio della collettivit\u00e0.<\/p>\n<p style=\"text-align: justify;\">\u00abPer un cittadino \u2013 spiega il sindaco di Fondi Beniamino Maschietto &#8211; pu\u00f2 non essere agevole recarsi in Comune i cui orari di apertura spesso coincidono con gli orari lavorativi. Abbiamo quindi valutato, in collaborazione con la Federazione Italiana Tabaccai, di promuovere questo servizio di anagrafe sul territorio volto proprio a semplificare la vita delle persone. Un ringraziamento particolare per l&#8217;eccellente lavoro svolto va al responsabile del settore, il dott. Luca Toscano, che nell&#8217;ottica della digitalizzazione dei servizi, ha aggiunto un ulteriore tassello al raggiungimento degli obiettivi prefissati dalla mia amministrazione\u00bb.<\/p>\n<p style=\"text-align: justify;\">\u00abCon questa innovativa operazione &#8211; aggiunge l\u2019assessore al settore Demoanagrafico Santina Trani &#8211; andiamo anche a valorizzare e a supportare le attivit\u00e0 del nostro territorio che, integrando alcuni servizi comunali, hanno la possibilit\u00e0 di divenire sempre pi\u00f9 punti di riferimento per le persone, creando una rete territoriale diffusa. Il nostro Comune, del resto, sta puntando sempre pi\u00f9 sull&#8217;innovazione dei servizi al cittadino e la convenzione con la FIT va proprio in questa direzione. Ricordiamo a tal proposito che \u00e8 gi\u00e0 possibile richiedere i certificati anagrafici, gratuitamente, anche online mediante SPID\u00bb.<\/p>\n<p style=\"text-align: justify;\">\u00abSiamo davvero soddisfatti di poter collaborare con le istituzioni affinch\u00e9 le nostre attivit\u00e0 possano essere vicine ai cittadini, agevolandoli nelle loro incombenze quotidiane e svolgendo cos\u00ec anche una funzione di servizio \u2013 aggiunge Michele Fiaschi, presidente della Federazione Italiana Tabaccai della provincia di Latina &#8211; la nostra categoria ha subito ben risposto a questo nuovo progetto e presto altre tabaccherie vi aderiranno\u00bb.<\/p>\n<p style=\"text-align: justify;\">L&#8217;elenco dei certificati che saranno rilasciati anche dalle tabaccherie:<\/p>\n<p>Anagrafico di NASCITA<br \/>\nAnagrafico di MORTE<br \/>\nAnagrafico di MATRIMONIO<br \/>\nDi CITTADINANZA<br \/>\nDi Esistenza in VITA<br \/>\nDi RESIDENZA<br \/>\nDi Stato CIVILE<br \/>\nDi Stato di FAMIGLIA<br \/>\nDi Sato di Famiglia e di Stato Civile<br \/>\nDi residenza in CONVIVENZA<br \/>\nDi Stato di Famiglia AIRE<br \/>\nDi Stato LIBERO<br \/>\nAnagrafico di UNIONE CIVILE<br \/>\nDi CONVIVENZA<br \/>\nLe tabaccherie in cui \u00e8 gi\u00e0 attivo il servizio:<\/p>\n<p>Corso Appio Claudio, 83<br \/>\nVia Spinete II, 1 \u2013 ang via delle Fornaci, 18<br \/>\nVia Della Stazione, 56<br \/>\nViale Regina Margherita, 98<br \/>\nVia Madonna delle Grazie, 160 ang. Via Olbia, 1<br \/>\nVia Covino 613<br \/>\nVia Ponte Nuovo, 14<br \/>\nVia Ponte Gagliardo, 35<br \/>\nVia Madonna delle Grazie, 56<br \/>\nVia Della Stazione 168\/170<br \/>\nPer ogni operazione di rilascio dei certificati, il costo \u00e8 di 2 euro IVA compresa.<\/p>\n<p>Dal mese di novembre potranno aderire al progetto tutte le tabaccherie associate FIT. Il Comune di Fondi avr\u00e0 quindi la rete di prossimit\u00e0 pi\u00f9 estesa della provincia di Latina. \u00c8 gi\u00e0 attivo anche il servizio di rilascio certificati della Camera di Commercio.<\/p>\n<p>&nbsp;<\/p>\n<div class=\"radio-posizionamento-telefono-in-articoli-dopo-il-contenuto-articolo radio-entity-placement\" id=\"radio-1749561844\"><div id=\"radio-1198818801\"><a href=\"https:\/\/www.simeoneceramiche.com\/\" aria-label=\"SIMEONE CERAMICHE GIF animata per radioluna_Tavola disegno 1 copia 2 (online-video-cutter.com)\"><img loading=\"lazy\" decoding=\"async\" src=\"https:\/\/www.radioluna.it\/news\/wp-content\/uploads\/2025\/05\/SIMEONE-CERAMICHE-GIF-animata-per-radioluna_Tavola-disegno-1-copia-2-online-video-cutter.com_.gif\" alt=\"\"  width=\"300\" height=\"250\"   \/><\/a><\/div><\/div>","protected":false},"excerpt":{"rendered":"<p>FONDI &#8211; Grazie ad una convenzione tra il Comune di Fondi e la Federazione Italiana Tabaccai (FIT) da oggi \u00e8 possibile richiedere certificati anagrafici anche in tabaccheria. Ad inaugurare il nuovo servizio \u00e8 stato questa mattina il sindaco Beniamino Maschietto accompagnato per l&#8217;occasione dal vice presidente provinciale della Federazione Luigi Carnevale. Le tabaccherie del territorio [&hellip;]<\/p>\n","protected":false},"author":60,"featured_media":299657,"comment_status":"open","ping_status":"open","sticky":false,"template":"","format":"standard","meta":{"footnotes":""},"categories":[735],"tags":[4402,5144,103,5145],"class_list":["post-299656","post","type-post","status-publish","format-standard","has-post-thumbnail","hentry","category-attualita","tag-beniamino-maschietto","tag-certificati-in-tabaccheria","tag-fondi","tag-tabaccheria-carnevale-fondi"],"_links":{"self":[{"href":"https:\/\/www.radioluna.it\/news\/wp-json\/wp\/v2\/posts\/299656","targetHints":{"allow":["GET"]}}],"collection":[{"href":"https:\/\/www.radioluna.it\/news\/wp-json\/wp\/v2\/posts"}],"about":[{"href":"https:\/\/www.radioluna.it\/news\/wp-json\/wp\/v2\/types\/post"}],"author":[{"embeddable":true,"href":"https:\/\/www.radioluna.it\/news\/wp-json\/wp\/v2\/users\/60"}],"replies":[{"embeddable":true,"href":"https:\/\/www.radioluna.it\/news\/wp-json\/wp\/v2\/comments?post=299656"}],"version-history":[{"count":0,"href":"https:\/\/www.radioluna.it\/news\/wp-json\/wp\/v2\/posts\/299656\/revisions"}],"wp:featuredmedia":[{"embeddable":true,"href":"https:\/\/www.radioluna.it\/news\/wp-json\/wp\/v2\/media\/299657"}],"wp:attachment":[{"href":"https:\/\/www.radioluna.it\/news\/wp-json\/wp\/v2\/media?parent=299656"}],"wp:term":[{"taxonomy":"category","embeddable":true,"href":"https:\/\/www.radioluna.it\/news\/wp-json\/wp\/v2\/categories?post=299656"},{"taxonomy":"post_tag","embeddable":true,"href":"https:\/\/www.radioluna.it\/news\/wp-json\/wp\/v2\/tags?post=299656"}],"curies":[{"name":"wp","href":"https:\/\/api.w.org\/{rel}","templated":true}]}}