{"id":299716,"date":"2021-10-21T16:08:34","date_gmt":"2021-10-21T14:08:34","guid":{"rendered":"https:\/\/www.radioluna.it\/news\/?p=299716"},"modified":"2021-10-22T13:02:55","modified_gmt":"2021-10-22T11:02:55","slug":"il-lazio-valorizza-gli-anziani-una-legge-sullinvecchiamento-attivo","status":"publish","type":"post","link":"https:\/\/www.radioluna.it\/news\/2021\/10\/il-lazio-valorizza-gli-anziani-una-legge-sullinvecchiamento-attivo\/","title":{"rendered":"Il Lazio valorizza gli anziani: una legge sull&#8217;invecchiamento attivo"},"content":{"rendered":"<div id=\"fb-root\"><\/div>\n<p style=\"text-align: justify;\"><strong>LATINA &#8211;<\/strong> E&#8217; stata approvata dal<strong> Consiglio Regionale<\/strong> la legge che contiene \u201c<strong>Disposizioni a tutela della promozione e della valorizzazione dell\u2019invecchiamento attivo<\/strong>\u201d. Il provvedimento\u00a0 stanzia risorse pari a 1,8 milioni per il riconoscimento e la valorizzazione della persona anziana, ossia il cittadino con et\u00e0 superiore ai sessant\u2019anni, promuovendone il ruolo nella comunit\u00e0 e incentivando la sua partecipazione attiva alla vita sociale e, a tale scopo, viene istituito un piano operativo contenente le linee di indirizzo necessarie per assicurare l\u2019attuazione della presente norma. Le politiche di invecchiamento attivo si fondano su un processo volto a garantire la salute, la sicurezza, la <strong>partecipazione a progetti sociali, sportivi, culturali e formativi<\/strong> allo scopo di migliorare la qualit\u00e0 della vita del cittadino, di rallentare le conseguenze psico-fisiche dovute all\u2019avanzamento dell\u2019et\u00e0 e favorire un contributo alla propria comunit\u00e0.<\/p>\n<p style=\"text-align: justify;\">Con questo atto &#8211; si legge in\u00a0 una nota\u00a0 &#8211;\u00a0 la Regione Lazio favorisce: la partecipazione dei cittadini anziani a eventi culturali, musicali, teatrali, cinematografici; la promozione del turismo sociale riconoscendo il ruolo degli enti locali e del Terzo Settore <strong>a sostegno di progetti che facilitino l\u2019accesso delle persone con difficolt\u00e0 economica a eventi in luoghi di cultura; l\u2019adesione ad attivit\u00e0 socialmente utili<\/strong>, come l\u2019accompagnamento con mezzi di trasporto pubblici, il supporto nei percorsi formativi di collegamento fra mondo della scuola e quello del lavoro, la sorveglianza nelle mostre e nella manifestazioni giovanili, l\u2019assistenza ai minori e alle persone con disabilit\u00e0.<\/p>\n<p style=\"text-align: justify;\">\u201cGli anziani ricoprono un ruolo fondamentale e sono la colonna portante della nostra societ\u00e0; rappresentano una risorsa fondamentale con il loro bagaglio culturale ed esperienziale e sono la memoria storica del nostro Paese\u201d, commenta l\u2019<strong>assessora<\/strong> <strong>Troncarelli.<\/strong> \u201cOggi abbiamo raggiunto un importante traguardo frutto di un proficuo lavoro di concertazione per il quale ringrazio il Consiglio regionale, le parti sociali e la <strong>consigliera Marta Bonafoni, prima firmataria<\/strong> della proposta di legge regionale \u2013 conclude l\u2019assessore -. Questo provvedimento si va ad aggiungere alla\u00a0governance\u00a0che stiamo portando avanti, a sostegno della fascia pi\u00f9 adulta della popolazione, che ci vede impegnati con 3,5 milioni di euro per il Progetto Te-Lazio e le linee guida per omogeneizzare la disciplina dei centri anziani, che dovranno trasformarsi in Associazione di promozione sociale per diventare soggetto attivo a 360 gradi\u201d.<\/p>\n<p style=\"text-align: justify;\">Viene<strong> anche stabilito che i comuni possano affidare a persone anziane, singole o associate, la gestione gratuita dei terreni comunali nei quali svolgere attivit\u00e0 di giardinaggio e orticoltura<\/strong>, garantendone l\u2019accesso e la fruibilit\u00e0 anche alle persone con disabilit\u00e0 e verr\u00e0 istituito un apposito fondo per il finanziamento della formazione all\u2019uso delle nuove tecnologie digitali, promuovendo la diffusione\u00a0 e l\u2019implementazione di strumenti anche presso i centri anziani e favorendo l\u2019acquisto di apparecchiature. Incentivato inoltre il sostegno ai nuclei familiari che si prendono cura delle persone anziane presso il proprio domicilio, anche se non autosufficienti, attraverso la garanzia del diritto all&#8217;assistenza domiciliare integrata\u00a0 socio-sanitaria, limitando\u00a0 l&#8217;ospedalizzazione\u00a0 e l&#8217;inserimento\u00a0 in strutture\u00a0 assistenziali\u00a0 residenziali e incentivando anche forme di\u00a0cohousing.<\/p>\n<div class=\"radio-posizionamento-telefono-in-articoli-dopo-il-contenuto-articolo radio-entity-placement\" id=\"radio-3257482293\"><div id=\"radio-1110388\"><a href=\"https:\/\/www.simeoneceramiche.com\/\" aria-label=\"SIMEONE CERAMICHE GIF animata per radioluna_Tavola disegno 1 copia 2 (online-video-cutter.com)\"><img loading=\"lazy\" decoding=\"async\" src=\"https:\/\/www.radioluna.it\/news\/wp-content\/uploads\/2025\/05\/SIMEONE-CERAMICHE-GIF-animata-per-radioluna_Tavola-disegno-1-copia-2-online-video-cutter.com_.gif\" alt=\"\"  width=\"300\" height=\"250\"   \/><\/a><\/div><\/div>","protected":false},"excerpt":{"rendered":"<p>LATINA &#8211; E&#8217; stata approvata dal Consiglio Regionale la legge che contiene \u201cDisposizioni a tutela della promozione e della valorizzazione dell\u2019invecchiamento attivo\u201d. Il provvedimento\u00a0 stanzia risorse pari a 1,8 milioni per il riconoscimento e la valorizzazione della persona anziana, ossia il cittadino con et\u00e0 superiore ai sessant\u2019anni, promuovendone il ruolo nella comunit\u00e0 e incentivando la [&hellip;]<\/p>\n","protected":false},"author":62,"featured_media":299717,"comment_status":"open","ping_status":"open","sticky":false,"template":"","format":"standard","meta":{"footnotes":""},"categories":[735],"tags":[],"class_list":["post-299716","post","type-post","status-publish","format-standard","has-post-thumbnail","hentry","category-attualita"],"_links":{"self":[{"href":"https:\/\/www.radioluna.it\/news\/wp-json\/wp\/v2\/posts\/299716","targetHints":{"allow":["GET"]}}],"collection":[{"href":"https:\/\/www.radioluna.it\/news\/wp-json\/wp\/v2\/posts"}],"about":[{"href":"https:\/\/www.radioluna.it\/news\/wp-json\/wp\/v2\/types\/post"}],"author":[{"embeddable":true,"href":"https:\/\/www.radioluna.it\/news\/wp-json\/wp\/v2\/users\/62"}],"replies":[{"embeddable":true,"href":"https:\/\/www.radioluna.it\/news\/wp-json\/wp\/v2\/comments?post=299716"}],"version-history":[{"count":0,"href":"https:\/\/www.radioluna.it\/news\/wp-json\/wp\/v2\/posts\/299716\/revisions"}],"wp:featuredmedia":[{"embeddable":true,"href":"https:\/\/www.radioluna.it\/news\/wp-json\/wp\/v2\/media\/299717"}],"wp:attachment":[{"href":"https:\/\/www.radioluna.it\/news\/wp-json\/wp\/v2\/media?parent=299716"}],"wp:term":[{"taxonomy":"category","embeddable":true,"href":"https:\/\/www.radioluna.it\/news\/wp-json\/wp\/v2\/categories?post=299716"},{"taxonomy":"post_tag","embeddable":true,"href":"https:\/\/www.radioluna.it\/news\/wp-json\/wp\/v2\/tags?post=299716"}],"curies":[{"name":"wp","href":"https:\/\/api.w.org\/{rel}","templated":true}]}}