{"id":299732,"date":"2021-10-21T17:58:23","date_gmt":"2021-10-21T15:58:23","guid":{"rendered":"https:\/\/www.radioluna.it\/news\/?p=299732"},"modified":"2021-10-21T17:58:23","modified_gmt":"2021-10-21T15:58:23","slug":"formia-presunti-brogli-al-seggio-n-20-5stelle-e-unaltra-citta-chiedono-indagini","status":"publish","type":"post","link":"https:\/\/www.radioluna.it\/news\/2021\/10\/formia-presunti-brogli-al-seggio-n-20-5stelle-e-unaltra-citta-chiedono-indagini\/","title":{"rendered":"Formia, presunti brogli al seggio n.20, 5Stelle e Un&#8217;Altra Citt\u00e0 chiedono indagini"},"content":{"rendered":"<div id=\"fb-root\"><\/div>\n<p style=\"text-align: justify;\"><strong>FORMIA<\/strong> &#8211; &#8220;Profondamente sconcertati da quanto apprendiamo in questi giorni, ma decisi a capire quanto stia accadendo, pronti a costituirci parte civile in un eventuale procedimento qualora le Autorit\u00e0 riscontrino irregolarit\u00e0. Se quanto abbiamo appreso finora si confermasse vero, al seggio n. 20 avremmo assistito ad una totale mancanza di legalit\u00e0 e democrazia\u201d. Cos\u00ec in una nota congiunta i gruppi Un\u2019Altra Citt\u00e0 e Movimento 5 Stelle Formia, che in citt\u00e0 hanno contribuito a eleggere come Consigliere comunale la professoressa Paola Villa, commentano quanto avvenuto luned\u00ec scorso, durante le fasi di voto di \u00a0ballottaggio: \u00a0l\u2019intervento delle Forze dell\u2019ordine al Seggio elettorale di San Giulio in merito alla segnalazione di presunti brogli elettorali, a seguito di cui il Presidente di Seggio si \u00e8 dimesso dall\u2019incarico venendo poi sostituito dal Commissario Prefettizio.<\/p>\n<p style=\"text-align: justify;\">\u201cCon una formale Pec \u2013 spiegano i due gruppi politici &#8211; abbiamo deciso di chiedere alle Autorit\u00e0 Comunali, informando per conoscenza il Prefetto, il Questore e la Procura di Latina, riservandoci di dettagliare, qualora ne verificheremo la necessit\u00e0, anche la Direzione Distrettuale Antimafia competente, le modalit\u00e0 con cui si \u00e8 pervenuti alla nomina del Presidente del Seggio elettorale della Sezione \u00a020, atteso che, per quanto di conoscenza, sin dal primo turno elettorale vi sarebbe stata la rinuncia dell\u2019originario Presidente individuato con nomina prefettizia\u201d.<\/p>\n<p style=\"text-align: justify;\">L&#8217;altra questione posta riguarda le tessere elettorali : \u201cSiamo venuti a conoscenza di possibili criticit\u00e0 \/ abusi derivanti dalla concessione a terze persone, non parenti o affini, di ritirare la tessera elettorale con la mera presentazione di una delega con documento di riconoscimento del delegante: una modalit\u00e0 che seppur legittima \u2013 sottolineano -, potrebbe aver favorito il ritiro di corposi quantitativi di tessere elettorali da parte di soggetti interessati laddove non anche di candidati Consiglieri comunali. Che a nostro parere, considerati i fatti narrati dalla stampa in merito al Seggio 20 \u2013 aggiungono i due gruppi -, suggerisce la necessit\u00e0 di introdurre modalit\u00e0 di ritiro delle tessere elettorali che riescano a essere quanto pi\u00f9 possibile vicine, dirette e di facile attuazione per l\u2019espletamento da parte di ogni cittadino del proprio diritto di elettorato attivo\u201d. E concludono: \u201cRiteniamo importante che la nostra richiesta sia fatta propria da tutte le altre forze presenti in Assise, e soprattutto che tutto il neo Consiglio comunale, si impegni affinch\u00e9 la vicenda non venga messa a tacere\u201d.<\/p>\n<div class=\"radio-posizionamento-telefono-in-articoli-dopo-il-contenuto-articolo radio-entity-placement\" id=\"radio-189206902\"><div id=\"radio-2033074392\"><a href=\"https:\/\/grupporedi.it\/\" aria-label=\"Redi-Qr\"><img loading=\"lazy\" decoding=\"async\" src=\"https:\/\/www.radioluna.it\/news\/wp-content\/uploads\/2026\/03\/Redi-Qr.jpg\" alt=\"\"  srcset=\"https:\/\/www.radioluna.it\/news\/wp-content\/uploads\/2026\/03\/Redi-Qr.jpg 800w, https:\/\/www.radioluna.it\/news\/wp-content\/uploads\/2026\/03\/Redi-Qr-768x639.jpg 768w\" sizes=\"(max-width: 800px) 100vw, 800px\" width=\"300\" height=\"250\"   \/><\/a><\/div><\/div>","protected":false},"excerpt":{"rendered":"<p>FORMIA &#8211; &#8220;Profondamente sconcertati da quanto apprendiamo in questi giorni, ma decisi a capire quanto stia accadendo, pronti a costituirci parte civile in un eventuale procedimento qualora le Autorit\u00e0 riscontrino irregolarit\u00e0. Se quanto abbiamo appreso finora si confermasse vero, al seggio n. 20 avremmo assistito ad una totale mancanza di legalit\u00e0 e democrazia\u201d. Cos\u00ec in [&hellip;]<\/p>\n","protected":false},"author":60,"featured_media":299733,"comment_status":"open","ping_status":"open","sticky":false,"template":"","format":"standard","meta":{"footnotes":""},"categories":[8],"tags":[],"class_list":["post-299732","post","type-post","status-publish","format-standard","has-post-thumbnail","hentry","category-politica"],"_links":{"self":[{"href":"https:\/\/www.radioluna.it\/news\/wp-json\/wp\/v2\/posts\/299732","targetHints":{"allow":["GET"]}}],"collection":[{"href":"https:\/\/www.radioluna.it\/news\/wp-json\/wp\/v2\/posts"}],"about":[{"href":"https:\/\/www.radioluna.it\/news\/wp-json\/wp\/v2\/types\/post"}],"author":[{"embeddable":true,"href":"https:\/\/www.radioluna.it\/news\/wp-json\/wp\/v2\/users\/60"}],"replies":[{"embeddable":true,"href":"https:\/\/www.radioluna.it\/news\/wp-json\/wp\/v2\/comments?post=299732"}],"version-history":[{"count":0,"href":"https:\/\/www.radioluna.it\/news\/wp-json\/wp\/v2\/posts\/299732\/revisions"}],"wp:featuredmedia":[{"embeddable":true,"href":"https:\/\/www.radioluna.it\/news\/wp-json\/wp\/v2\/media\/299733"}],"wp:attachment":[{"href":"https:\/\/www.radioluna.it\/news\/wp-json\/wp\/v2\/media?parent=299732"}],"wp:term":[{"taxonomy":"category","embeddable":true,"href":"https:\/\/www.radioluna.it\/news\/wp-json\/wp\/v2\/categories?post=299732"},{"taxonomy":"post_tag","embeddable":true,"href":"https:\/\/www.radioluna.it\/news\/wp-json\/wp\/v2\/tags?post=299732"}],"curies":[{"name":"wp","href":"https:\/\/api.w.org\/{rel}","templated":true}]}}