{"id":299764,"date":"2021-10-22T06:00:04","date_gmt":"2021-10-22T04:00:04","guid":{"rendered":"https:\/\/www.radioluna.it\/news\/?p=299764"},"modified":"2021-10-23T10:55:54","modified_gmt":"2021-10-23T08:55:54","slug":"maltempo-allerta-gialla-per-il-sud-della-provincia-di-latina","status":"publish","type":"post","link":"https:\/\/www.radioluna.it\/news\/2021\/10\/maltempo-allerta-gialla-per-il-sud-della-provincia-di-latina\/","title":{"rendered":"Maltempo, allerta gialla per il sud della provincia di Latina"},"content":{"rendered":"<div id=\"fb-root\"><\/div>\n<p style=\"text-align: justify;\"><strong>LATINA<\/strong> &#8211; Il Centro Funzionale Regionale rende noto che il Dipartimento della Protezione Civile ha emesso oggi l\u2019avviso di condizioni meteorologiche avverse con indicazione che dalle prime ore di oggi\u00a0 venerd\u00ec 22 ottobre 2021 e per le successive 12-18 ore si prevedono sul Lazio: precipitazioni da isolate a sparse, anche a carattere di rovescio o temporale, con quantitativi cumulati da deboli a localmente moderati, sui settori meridionali delle province di Frosinone e Latina. Il Centro Funzionale Regionale ha effettuato la valutazione dei Livelli di Allerta\/Criticit\u00e0 e ha pertanto inoltrato un bollettino con allerta gialla per criticit\u00e0 idrogeologica e criticit\u00e0 idrogeologica per temporali su Bacini Costieri Sud e Bacino del Liri. E&#8217; quanto comunica in una nota la protezione civile del Lazio.<\/p>\n<div class=\"radio-posizionamento-telefono-in-articoli-dopo-il-contenuto-articolo radio-entity-placement\" id=\"radio-1415729203\"><div id=\"radio-353361874\"><a href=\"https:\/\/grupporedi.it\/\" aria-label=\"Redi-Qr\"><img loading=\"lazy\" decoding=\"async\" src=\"https:\/\/www.radioluna.it\/news\/wp-content\/uploads\/2026\/03\/Redi-Qr.jpg\" alt=\"\"  srcset=\"https:\/\/www.radioluna.it\/news\/wp-content\/uploads\/2026\/03\/Redi-Qr.jpg 800w, https:\/\/www.radioluna.it\/news\/wp-content\/uploads\/2026\/03\/Redi-Qr-768x639.jpg 768w\" sizes=\"(max-width: 800px) 100vw, 800px\" width=\"300\" height=\"250\"   \/><\/a><\/div><\/div>","protected":false},"excerpt":{"rendered":"<p>LATINA &#8211; Il Centro Funzionale Regionale rende noto che il Dipartimento della Protezione Civile ha emesso oggi l\u2019avviso di condizioni meteorologiche avverse con indicazione che dalle prime ore di oggi\u00a0 venerd\u00ec 22 ottobre 2021 e per le successive 12-18 ore si prevedono sul Lazio: precipitazioni da isolate a sparse, anche a carattere di rovescio o [&hellip;]<\/p>\n","protected":false},"author":60,"featured_media":298738,"comment_status":"open","ping_status":"open","sticky":false,"template":"","format":"standard","meta":{"footnotes":""},"categories":[7],"tags":[],"class_list":["post-299764","post","type-post","status-publish","format-standard","has-post-thumbnail","hentry","category-cronaca"],"_links":{"self":[{"href":"https:\/\/www.radioluna.it\/news\/wp-json\/wp\/v2\/posts\/299764","targetHints":{"allow":["GET"]}}],"collection":[{"href":"https:\/\/www.radioluna.it\/news\/wp-json\/wp\/v2\/posts"}],"about":[{"href":"https:\/\/www.radioluna.it\/news\/wp-json\/wp\/v2\/types\/post"}],"author":[{"embeddable":true,"href":"https:\/\/www.radioluna.it\/news\/wp-json\/wp\/v2\/users\/60"}],"replies":[{"embeddable":true,"href":"https:\/\/www.radioluna.it\/news\/wp-json\/wp\/v2\/comments?post=299764"}],"version-history":[{"count":0,"href":"https:\/\/www.radioluna.it\/news\/wp-json\/wp\/v2\/posts\/299764\/revisions"}],"wp:featuredmedia":[{"embeddable":true,"href":"https:\/\/www.radioluna.it\/news\/wp-json\/wp\/v2\/media\/298738"}],"wp:attachment":[{"href":"https:\/\/www.radioluna.it\/news\/wp-json\/wp\/v2\/media?parent=299764"}],"wp:term":[{"taxonomy":"category","embeddable":true,"href":"https:\/\/www.radioluna.it\/news\/wp-json\/wp\/v2\/categories?post=299764"},{"taxonomy":"post_tag","embeddable":true,"href":"https:\/\/www.radioluna.it\/news\/wp-json\/wp\/v2\/tags?post=299764"}],"curies":[{"name":"wp","href":"https:\/\/api.w.org\/{rel}","templated":true}]}}