{"id":299771,"date":"2021-10-22T09:53:50","date_gmt":"2021-10-22T07:53:50","guid":{"rendered":"https:\/\/www.radioluna.it\/news\/?p=299771"},"modified":"2021-10-23T10:55:05","modified_gmt":"2021-10-23T08:55:05","slug":"latina-comincera-da-zaccheo-il-giro-di-incontri-istituzionali-del-sindaco-coletta-per-trovare-laccordo-sulle-cose-da-fare","status":"publish","type":"post","link":"https:\/\/www.radioluna.it\/news\/2021\/10\/latina-comincera-da-zaccheo-il-giro-di-incontri-istituzionali-del-sindaco-coletta-per-trovare-laccordo-sulle-cose-da-fare\/","title":{"rendered":"Latina, comincer\u00e0 da Zaccheo il giro di incontri istituzionali del sindaco Coletta per trovare l&#8217;accordo sulle cose da fare"},"content":{"rendered":"<div id=\"fb-root\"><\/div>\n<p style=\"text-align: justify;\"><strong>LATINA &#8211;\u00a0<\/strong>Il sindaco di Latina Damiano Coletta incontra oggi tutte le forze della coalizione che lo hanno sostenuto alle ultime elezioni. Sar\u00e0 l\u2019occasione per definire il percorso da intraprendere per la formazione di un governo cittadino dalle larghe intese che garantisca l\u2019Amministrazione della citt\u00e0 nella consiliatura che si \u00e8 appena aperta. Poi la prossima settimana incontrer\u00e0 le forze di maggioranza di centrodestra con l&#8217;intento di raccogliere istanze e pareri, senza rinunciare a tenere la linea su alcune questioni ritenute di fondamentale importanza. \u201cDobbiamo costruire una governabilit\u00e0 confidando nel senso di responsabilit\u00e0 di tutti\u201d, ha detto Coletta. Il primo ad essere ascoltato sar\u00e0 il candidato sindaco sconfitto Vincenzo Zaccheo. &#8220;Stanno per arrivare i fondi del recovery e dobbiamo farci trovare pronti&#8221;,\u00a0 esorta il primo cittadino che ringrazia chi, dai partiti, si dichiara sulla stessa lunghezza d&#8217;onda.<\/p>\n<p style=\"text-align: justify;\">Dopo alcune fughe in avanti di singoli consiglieri che hanno evocato dai social la sfiducia immediata al riconfermato sindaco, si leva la voce del coordinatore regionale di Fi, Claudio\u00a0 Fazzone: &#8220;Latina non pu\u00f2 perdere altro tempo non si pu\u00f2 giocare sulla testa dei cittadini serve un accordo programmatico&#8221;,\u00a0 ha dichiarato al Messaggero. Dal canto suo la candidata di Fare Latina Annalisa Muzio ha confermato la disponibilit\u00e0 a quello che di fatto potrebbe essere \u00a0un laboratorio locale\u00a0 un\u2019occasione unica di un governo allargato come \u00e8 quello nazionale al quale lavorare in spirito collaborativo.<\/p>\n<p style=\"text-align: justify;\">Che Latina sia diventata un caso nazionale lo dimostra anche l&#8217;attenzione nazionale dopo il ballottaggio. Ne abbiamo parlato con il sindaco Coletta<\/p>\n<audio class=\"wp-audio-shortcode\" id=\"audio-299771-1\" preload=\"none\" style=\"width: 100%;\" controls=\"controls\"><source type=\"audio\/mpeg\" src=\"https:\/\/www.radioluna.it\/news\/wp-content\/uploads\/2021\/10\/coletta-post-elezione.mp3?_=1\" \/><a href=\"https:\/\/www.radioluna.it\/news\/wp-content\/uploads\/2021\/10\/coletta-post-elezione.mp3\">https:\/\/www.radioluna.it\/news\/wp-content\/uploads\/2021\/10\/coletta-post-elezione.mp3<\/a><\/audio>\n<p style=\"text-align: justify;\">\n<div class=\"radio-posizionamento-telefono-in-articoli-dopo-il-contenuto-articolo radio-entity-placement\" id=\"radio-1440347072\"><div id=\"radio-4053844794\" style=\"width: 300px;height: 250px;\"><a href=\"https:\/\/www.icarspa.it\/auto\/usate\/latina\/\" aria-label=\"banner aprile icar new life &#8211; auto usate latina\"><img loading=\"lazy\" decoding=\"async\" src=\"https:\/\/www.radioluna.it\/news\/wp-content\/uploads\/2026\/02\/banner-aprile-icar-new-life-auto-usate-latina.gif\" alt=\"\"  width=\"300\" height=\"250\"   \/><\/a><\/div><\/div>","protected":false},"excerpt":{"rendered":"<p>LATINA &#8211;\u00a0Il sindaco di Latina Damiano Coletta incontra oggi tutte le forze della coalizione che lo hanno sostenuto alle ultime elezioni. Sar\u00e0 l\u2019occasione per definire il percorso da intraprendere per la formazione di un governo cittadino dalle larghe intese che garantisca l\u2019Amministrazione della citt\u00e0 nella consiliatura che si \u00e8 appena aperta. Poi la prossima settimana [&hellip;]<\/p>\n","protected":false},"author":62,"featured_media":299773,"comment_status":"open","ping_status":"open","sticky":false,"template":"","format":"standard","meta":{"footnotes":""},"categories":[2310,2403,8],"tags":[],"class_list":["post-299771","post","type-post","status-publish","format-standard","has-post-thumbnail","hentry","category-audio","category-le-cose-in-comune","category-politica"],"_links":{"self":[{"href":"https:\/\/www.radioluna.it\/news\/wp-json\/wp\/v2\/posts\/299771","targetHints":{"allow":["GET"]}}],"collection":[{"href":"https:\/\/www.radioluna.it\/news\/wp-json\/wp\/v2\/posts"}],"about":[{"href":"https:\/\/www.radioluna.it\/news\/wp-json\/wp\/v2\/types\/post"}],"author":[{"embeddable":true,"href":"https:\/\/www.radioluna.it\/news\/wp-json\/wp\/v2\/users\/62"}],"replies":[{"embeddable":true,"href":"https:\/\/www.radioluna.it\/news\/wp-json\/wp\/v2\/comments?post=299771"}],"version-history":[{"count":0,"href":"https:\/\/www.radioluna.it\/news\/wp-json\/wp\/v2\/posts\/299771\/revisions"}],"wp:featuredmedia":[{"embeddable":true,"href":"https:\/\/www.radioluna.it\/news\/wp-json\/wp\/v2\/media\/299773"}],"wp:attachment":[{"href":"https:\/\/www.radioluna.it\/news\/wp-json\/wp\/v2\/media?parent=299771"}],"wp:term":[{"taxonomy":"category","embeddable":true,"href":"https:\/\/www.radioluna.it\/news\/wp-json\/wp\/v2\/categories?post=299771"},{"taxonomy":"post_tag","embeddable":true,"href":"https:\/\/www.radioluna.it\/news\/wp-json\/wp\/v2\/tags?post=299771"}],"curies":[{"name":"wp","href":"https:\/\/api.w.org\/{rel}","templated":true}]}}