{"id":299826,"date":"2021-10-23T07:15:57","date_gmt":"2021-10-23T05:15:57","guid":{"rendered":"https:\/\/www.radioluna.it\/news\/?p=299826"},"modified":"2021-10-25T08:33:08","modified_gmt":"2021-10-25T06:33:08","slug":"a-cisterna-uccise-a-martellate-la-moglie-elisa-ciotti-condannato-a-24-anni-di-carcere-fabio-trabacchin","status":"publish","type":"post","link":"https:\/\/www.radioluna.it\/news\/2021\/10\/a-cisterna-uccise-a-martellate-la-moglie-elisa-ciotti-condannato-a-24-anni-di-carcere-fabio-trabacchin\/","title":{"rendered":"A Cisterna uccise a martellate la moglie Elisa Ciotti, condannato a 24 anni di carcere Fabio Trabacchin"},"content":{"rendered":"<div id=\"fb-root\"><\/div>\n<p style=\"text-align: justify;\"><strong>LATINA<\/strong> &#8211; Uccise la moglie a martellate durante una lite. Erano le prime ore dell&#8217;alba il 10 luglio 2019 nella villetta della coppia nel quartiere San Valentino a Cisterna e Fabio Trabacchin, dopo il delitto, usc\u00ec di casa e and\u00f2 al lavoro lasciando che il corpo senza vita di Elisa Ciotti, 34 anni, venisse trovato dalla figlia di appena 10 anni che in quel momento dormiva. Ieri l&#8217;uomo \u00e8 stato condannato a 24 anni di carcere.<\/p>\n<p style=\"text-align: justify;\">La sentenza \u00e8 stata letta nel pomeriggio dal giudice Francesco Valentini del Tribunale di Latina. Una condanna inferiore alla richiesta del pubblico Ministero Andrea D&#8217;Angeli che aveva chiesto 25 anni oltre che per l&#8217;omicidio volontario aggravato anche per maltrattamenti, reato dal quale invece il 37enne \u00e8 stato assolto. Con la condanna \u00e8 stata sospesa a Trabacchin per tutta la durata della pena anche la potest\u00e0 genitoriale. La Corte ha riconosciuto una provvisionale di 200mila euro di risarcimento alla figlia e di 25mila euro ciascuno alla madre, al fratello e alla sorella di Elisa Ciotti che si sono costituiti parte civile.<\/p>\n<p style=\"text-align: justify;\">\n<div class=\"radio-posizionamento-telefono-in-articoli-dopo-il-contenuto-articolo radio-entity-placement\" id=\"radio-332802699\"><div id=\"radio-2209714694\"><a href=\"https:\/\/grupporedi.it\/\" aria-label=\"Redi-Qr\"><img loading=\"lazy\" decoding=\"async\" src=\"https:\/\/www.radioluna.it\/news\/wp-content\/uploads\/2026\/03\/Redi-Qr.jpg\" alt=\"\"  srcset=\"https:\/\/www.radioluna.it\/news\/wp-content\/uploads\/2026\/03\/Redi-Qr.jpg 800w, https:\/\/www.radioluna.it\/news\/wp-content\/uploads\/2026\/03\/Redi-Qr-768x639.jpg 768w\" sizes=\"(max-width: 800px) 100vw, 800px\" width=\"300\" height=\"250\"   \/><\/a><\/div><\/div>","protected":false},"excerpt":{"rendered":"<p>LATINA &#8211; Uccise la moglie a martellate durante una lite. Erano le prime ore dell&#8217;alba il 10 luglio 2019 nella villetta della coppia nel quartiere San Valentino a Cisterna e Fabio Trabacchin, dopo il delitto, usc\u00ec di casa e and\u00f2 al lavoro lasciando che il corpo senza vita di Elisa Ciotti, 34 anni, venisse trovato [&hellip;]<\/p>\n","protected":false},"author":62,"featured_media":0,"comment_status":"open","ping_status":"open","sticky":false,"template":"","format":"standard","meta":{"footnotes":""},"categories":[7],"tags":[],"class_list":["post-299826","post","type-post","status-publish","format-standard","hentry","category-cronaca"],"_links":{"self":[{"href":"https:\/\/www.radioluna.it\/news\/wp-json\/wp\/v2\/posts\/299826","targetHints":{"allow":["GET"]}}],"collection":[{"href":"https:\/\/www.radioluna.it\/news\/wp-json\/wp\/v2\/posts"}],"about":[{"href":"https:\/\/www.radioluna.it\/news\/wp-json\/wp\/v2\/types\/post"}],"author":[{"embeddable":true,"href":"https:\/\/www.radioluna.it\/news\/wp-json\/wp\/v2\/users\/62"}],"replies":[{"embeddable":true,"href":"https:\/\/www.radioluna.it\/news\/wp-json\/wp\/v2\/comments?post=299826"}],"version-history":[{"count":0,"href":"https:\/\/www.radioluna.it\/news\/wp-json\/wp\/v2\/posts\/299826\/revisions"}],"wp:attachment":[{"href":"https:\/\/www.radioluna.it\/news\/wp-json\/wp\/v2\/media?parent=299826"}],"wp:term":[{"taxonomy":"category","embeddable":true,"href":"https:\/\/www.radioluna.it\/news\/wp-json\/wp\/v2\/categories?post=299826"},{"taxonomy":"post_tag","embeddable":true,"href":"https:\/\/www.radioluna.it\/news\/wp-json\/wp\/v2\/tags?post=299826"}],"curies":[{"name":"wp","href":"https:\/\/api.w.org\/{rel}","templated":true}]}}