{"id":299836,"date":"2021-10-23T10:50:45","date_gmt":"2021-10-23T08:50:45","guid":{"rendered":"https:\/\/www.radioluna.it\/news\/?p=299836"},"modified":"2021-10-25T09:24:55","modified_gmt":"2021-10-25T07:24:55","slug":"favole-di-luce-celebra-dante-e-si-fa-in-tre-installazioni-proiezioni-e-luci-di-gaeta","status":"publish","type":"post","link":"https:\/\/www.radioluna.it\/news\/2021\/10\/favole-di-luce-celebra-dante-e-si-fa-in-tre-installazioni-proiezioni-e-luci-di-gaeta\/","title":{"rendered":"Favole di Luce celebra Dante e si fa in tre: installazioni, proiezioni e luci di Gaeta"},"content":{"rendered":"<div id=\"fb-root\"><\/div>\n<p><iframe loading=\"lazy\" style=\"border: none; overflow: hidden;\" src=\"https:\/\/www.facebook.com\/plugins\/video.php?height=314&amp;href=https%3A%2F%2Fwww.facebook.com%2FLuminariediGaeta%2Fvideos%2F887041578838821%2F&amp;show_text=false&amp;width=560&amp;t=0\" width=\"560\" height=\"314\" frameborder=\"0\" scrolling=\"no\" allowfullscreen=\"allowfullscreen\"><\/iframe><\/p>\n<p style=\"text-align: justify;\"><strong>GAETA<\/strong> &#8211;\u00a0 Gaeta si prepara a dare il via alla sesta edizione di \u201c<strong>Favole di Luce<\/strong>\u201d: installazioni luminose, proiezioni e una speciale dedica a alla Divina Commedia nei luoghi storici e d&#8217;arte della citt\u00e0 di mare, <strong>dal 30 ottobre al 16 gennaio 2022.<\/strong><\/p>\n<p style=\"text-align: justify;\">\u201cSono ancora pi\u00f9 emozionato rispetto gli anni precedenti\u00a0 &#8211; assicura <strong>il Sindaco Cosmo Mitrano<\/strong> &#8211; e provo un insieme di sentimenti che mi portano a guardare indietro a quel 5 novembre 2016 quando Gaeta, per la prima volta, si illumin\u00f2. Anno dopo anno, le luminarie artistiche di Gaeta sono divenute una realt\u00e0 ben consolidata. Un grande evento tra sogno e realt\u00e0, attraverso i luoghi, la storia, la cultura, l\u2019arte e l\u2019enogastronomia di Gaeta. Ripartiamo con quell\u2019entusiasmo e quelle emozioni che ci hanno aiutato anche nei momenti pi\u00f9 duri e difficili. \u201cFavole di Luce\u201d torna a farci battere forte il cuore con le installazioni luminose, le proiezioni artistiche, lo spettacolo della Fontana di San Francesco e tanto altro ancora. Gaeta, inoltre, nel settecentenario dalla morte del Sommo Poeta, celebra Dante con diverse e spettacolari proiezioni artistiche che illuminano i monumenti storici della citt\u00e0 a partire da Porta Carlo III, passando per i possenti bastioni, tra cui la Favorita, per arrivare al castello Angioino&#8221;.<\/p>\n<p style=\"text-align: justify;\">A corredo delle proiezioni artistiche sulla Divina Commedia, il sabato, domenica e festivi alle 16:30 e 17:30 si svolgeranno percorsi teatralizzati itineranti. I turisti e visitatori accompagnati da \u201cDante\u201d, \u201cVirgilio\u201d e \u201cSan Bernardo\u201d, ripercorreranno il sentiero illuminato dalle proiezioni artistiche in una suggestiva e spettacolare passeggiata culturale.<\/p>\n<p style=\"text-align: justify;\"><strong>L&#8217;inaugurazione \u00e8 prevista per\u00a0 sabato 30 ottobre (dalle 17) in piazza della Libert\u00e0 con la presenza della cantante Annalisa Minetti. <\/strong><\/p>\n<p style=\"text-align: justify;\"><strong>DOVE E COSA<\/strong><\/p>\n<p style=\"text-align: justify;\">\u201cFavole di Luce\u201d quest\u2019anno si fa in tre: \u201c<strong>proiezioni artistiche<\/strong>\u201d, \u201c<strong>Gaeta celebra Dante<\/strong>\u201d e \u201c<strong>Luci di Gaeta<\/strong>\u201d. Ci saranno anche la <strong>pista di ghiaccio<\/strong> e i <strong>mercatini di Natale nelle Piazze Mons. Di Liegro e XIX Maggio e sul Lungomare Caboto.<\/strong><\/p>\n<p style=\"text-align: justify;\">PROIEZIONI ARTISTICHE<\/p>\n<p style=\"text-align: justify;\">Chiesa dei SS. Cosma e Damiano \u201cMadonna nostra\u201d, Piazza Mare all\u2019Arco \u201cil piccolo principe\u201d, Piazza Mazzoccolo \u201cAlice nel paese delle meraviglie\u201d, Piazza della Libert\u00e0 &#8211; Piazza Buonomo \u201cun acquario da sogno\u201d, Piazza Di Liegro Piazza XIX Maggio \u201cun regno fantastico\u201d.<\/p>\n<p>GAETA CELEBRA DANTE<\/p>\n<p>Porta Carlo III \u201cnel mezzo del cammin di nostra vita\u201d, Bastione Lungomare Caboto \u201cGaeta prima che Enea la nomasse\u201d, Chiesa di San Biagio \u201cuscimmo a riveder le stelle\u201d, Bastione Annunziata Lungomare Caboto \u201cl\u2019ora che volge il dis\u00eco\u201d, Bastione Annunziata Lungomare Caboto \u201cil tremolar de la marina\u201d, Tempio di San Francesco \u201csol della tua gloria\u201d, Bastione la Favorita Lungomare Caboto \u201cl\u2019amor che muove il sole e le altre stelle\u201d, Piazza Traniello \u201ccolei che l\u2019umana natura nobilitasti\u201d, Castello Angioino \u201co somma luce\u201d.<\/p>\n<p>LUCI DI GAETA<\/p>\n<p>Rotonda Porto Quartiere La Piaja \u201cCome in un quadro\u201d, localit\u00e0 Peschiera \u201cArena Waterpolo\u201d, Villa delle Sirene \u201cl\u2019ancora\u201d, Lungomare Caboto \u201cle Palmaraie des Lumi\u00e8res\u201d, Piazza V. Capodanno \u201cTorre di Pisa\u201d, Piazza Goliarda Sapienza \u201clo scoiattolo pasticcione\u201d, Corso Cavour \u201cTra coralli e stelle marine\u201d, Via Battaglione degli Alpini \u201cCornice di luce\u201d, Piazza XIX Maggio \u201cDrago Zu\u201d, Piazza Maestri Vetrai \u201cTorre Eiffel\u201d, Via Marina di Serapo \u201cStar avenue\u201d, Lungomare Caboto (Tra Porta Carlo V e Porta Carlo III) \u201cun regalo scintillante\u201d, Villetta Traniello \u201cil re leone e la foresta incantata\u201d, Molo S. Maria \u201ci misteri dell\u2019antico Egitto\u201d.<\/p>\n<p><strong>IL PROGRAMMA DEGLI EVENTI<\/strong><\/p>\n<p>FINO AL 21 NOVEMBRE<\/p>\n<p>\u201cUn Secolo D\u2019azzurro\u201d, mostra itinerante della storia della Nazionale Italiana di Calcio, Palazzo della Cultura, via Faustina 23\/25 luned\u00ec, marted\u00ec, mercoled\u00ec, gioved\u00ec dalle 10:00 alle 13:00 e dalle 15:00 alle 18:00; venerd\u00ec, sabato e domenica dalle ore 10:00 alle 13:00 e dalle 16:00 alle 20:00. L\u2019ingresso gratuito, si accede con green pass.<\/p>\n<p>DAL 30 OTTOBRE AL 16 GENNAIO<\/p>\n<p>\u201cSpettacolo Favole Di Luce\u201d, fontana di S. Francesco, sabato e festivi ore 18:20 a cura del \u201cCentro del Movimento\u201d con la Direzione Artistica di Rita Spinosa.<\/p>\n<p>\u201cL\u2019incanto della fontana di S. Francesco\u201d, piazza della Libert\u00e0 sabato, domenica e festivi ore 18:30, con nuovi giochi d\u2019acqua, luci, danza, suoni della fontana da sogno.<\/p>\n<p>\u201cGaeta e Dante Alighieri\u201d, Porta Carlo III, sabato, domenica e festivi, ore 16:30 e 17:30, percorso teatralizzato itinerante alla scoperta delle meravigliose proiezioni artistiche che celebrano il Sommo Poeta, a cura dell\u2019Associazione Culturale \u201cIniziative e Progetti\u201d con la Direzione Artistica di Gianni Donati.<\/p>\n<p>\u201cBabbo Natale Nel Villaggio Incantato e mostra presepiale\u201d, Via Annunziata 7 a cura dell\u2019Associazione Overline 2017.<\/p>\n<p>DAL 18 NOVEMBRE 16 GENNAIO<\/p>\n<p>\u201cIl Presepe di Ghiaccio pi\u00f9 grande d\u2019Italia\u201d Corso Cavour luned\u00ec ore 16.00 &#8211; 20.00, dal marted\u00ec al venerd\u00ec ore 10.00 &#8211; 13.00 e 16.00 &#8211; 21.00; sabato, domenica e festivi ore 10.00 &#8211; 13.00 e 14.00 &#8211; 22.00 a cura dell\u2019Associazione Italiana Scultori di Ghiaccio.<\/p>\n<p>DAL 25 NOVEMBRE AL 10 GENNAIO<\/p>\n<p>\u201cISBN Dante E Altre Visioni\u201d, personale di Corrado Veneziano Unico progetto di un artista contemporaneo dell\u2019ampio programma Ministeriale \u201cDante 700\u201d, Pinacoteca comunale \u201cAntonio Sapone\u201d, via de Lieto, 2, aperture: venerd\u00ec dalle 16:00 alle 20:00, sabato e domenica dalle 11:00 alle 13:00 e dalle 16:00 alle 20:00.<\/p>\n<p>DOMENICA 12 DICEMBRE<\/p>\n<p>\u201cConcerto per Santa Lucia\u201d, inaugurazione Auditorium \u201cSanta Lucia\u201d, via Ladislao, ore 10:30 a cura di Tamburo Rosso.<\/p>\n<p>SABATO 18 DICEMBRE<\/p>\n<p>500 \u201cFavole Di Luce sfilata dei Babbo Natale in 500\u201d, ore 17:30 lungo le strade del centro dalle 18:30 esposizione delle 500 in viale Battaglione degli Alpini a cura di Fiat 500 Club Italia e Ultra Live Communications &amp; Events.<\/p>\n<p>&nbsp;<\/p>\n","protected":false},"excerpt":{"rendered":"<p>GAETA &#8211;\u00a0 Gaeta si prepara a dare il via alla sesta edizione di \u201cFavole di Luce\u201d: installazioni luminose, proiezioni e una speciale dedica a alla Divina Commedia nei luoghi storici e d&#8217;arte della citt\u00e0 di mare, dal 30 ottobre al 16 gennaio 2022. \u201cSono ancora pi\u00f9 emozionato rispetto gli anni precedenti\u00a0 &#8211; assicura il Sindaco [&hellip;]<\/p>\n","protected":false},"author":62,"featured_media":299849,"comment_status":"open","ping_status":"open","sticky":false,"template":"","format":"video","meta":{"footnotes":""},"categories":[16],"tags":[],"class_list":["post-299836","post","type-post","status-publish","format-video","has-post-thumbnail","hentry","category-appuntamenti","post_format-post-format-video"],"_links":{"self":[{"href":"https:\/\/www.radioluna.it\/news\/wp-json\/wp\/v2\/posts\/299836","targetHints":{"allow":["GET"]}}],"collection":[{"href":"https:\/\/www.radioluna.it\/news\/wp-json\/wp\/v2\/posts"}],"about":[{"href":"https:\/\/www.radioluna.it\/news\/wp-json\/wp\/v2\/types\/post"}],"author":[{"embeddable":true,"href":"https:\/\/www.radioluna.it\/news\/wp-json\/wp\/v2\/users\/62"}],"replies":[{"embeddable":true,"href":"https:\/\/www.radioluna.it\/news\/wp-json\/wp\/v2\/comments?post=299836"}],"version-history":[{"count":0,"href":"https:\/\/www.radioluna.it\/news\/wp-json\/wp\/v2\/posts\/299836\/revisions"}],"wp:featuredmedia":[{"embeddable":true,"href":"https:\/\/www.radioluna.it\/news\/wp-json\/wp\/v2\/media\/299849"}],"wp:attachment":[{"href":"https:\/\/www.radioluna.it\/news\/wp-json\/wp\/v2\/media?parent=299836"}],"wp:term":[{"taxonomy":"category","embeddable":true,"href":"https:\/\/www.radioluna.it\/news\/wp-json\/wp\/v2\/categories?post=299836"},{"taxonomy":"post_tag","embeddable":true,"href":"https:\/\/www.radioluna.it\/news\/wp-json\/wp\/v2\/tags?post=299836"}],"curies":[{"name":"wp","href":"https:\/\/api.w.org\/{rel}","templated":true}]}}