{"id":300065,"date":"2021-10-28T10:18:36","date_gmt":"2021-10-28T08:18:36","guid":{"rendered":"https:\/\/www.radioluna.it\/news\/?p=300065"},"modified":"2021-10-29T09:14:54","modified_gmt":"2021-10-29T07:14:54","slug":"il-goretti-hi-tech-ultimo-miglio-verso-il-dea-di-ii-livello-la-manager-cavalli-presenteremo-la-domanda-in-regione-a-gennaio","status":"publish","type":"post","link":"https:\/\/www.radioluna.it\/news\/2021\/10\/il-goretti-hi-tech-ultimo-miglio-verso-il-dea-di-ii-livello-la-manager-cavalli-presenteremo-la-domanda-in-regione-a-gennaio\/","title":{"rendered":"Il Goretti hi-tech, ultimo miglio verso il Dea di II Livello. La manager Cavalli: &#8220;Presenteremo la domanda in Regione a gennaio&#8221;"},"content":{"rendered":"<div id=\"fb-root\"><\/div>\n<p style=\"text-align: justify;\"><strong>LATINA<\/strong> &#8211; Con l\u2019ultimazione dei lavori per la T<strong>erapia intensiva neonatale e Patologia neonatale<\/strong>, l\u2019ospedale <strong>Santa Maria Goretti<\/strong> di Latina sar\u00e0 pronto per diventare<strong> Dea di II Livello<\/strong>, riferimento per patologie complesse, acute e interventi ad elevata complessit\u00e0 per tutto il Basso Lazio. Se ne sente parlare da anni, ma oggi il traguardo \u00e8 a portata e potrebbe essere tagliato nella primissima parte del nuovo anno, proprio grazie a quest&#8217;ultimo tassello. Lo ha spiegato la <strong>direttrice generale della Asl Silvia Cavalli<\/strong> durante il sopralluogo svolto con <strong>il sindaco di Latina Damiano Coletta<\/strong>, che ha voluto compiere\u00a0 nel presidio sanitario (dove ha lavorato come cardiologo per molti anni) la sua prima visita istituzionale del secondo mandato, presenti <strong>il direttore sanitario Sergio Parrocchia<\/strong> e il <strong>professor Francesco Versaci,<\/strong> \u00a0dirigente dell&#8217; Unita Operativa Complessa di Cardiologica ed Emodinamica, anche questa interessata da importanti lavori di ristrutturazione che ne faranno ulteriormente crescere le potenzialit\u00e0: doppia sala operatoria e una strumentazione d&#8217;avanguardia che, in linea con i risultati portati dal gruppo di Versaci negli ultimi anni, la pone tra quelle al top nel Lazio e in Italia.\u00a0 I lavori inizieranno nel 2022.<\/p>\n<p style=\"text-align: justify;\">Durante il Natale\u00a0 &#8211; forse non a caso &#8211; la Asl conta di aprire i nuovi spazi dedicati ai &#8220;pesi piuma&#8221;, 8 posti di terapia intensiva neonatale, 4 di sub-intensiva e 12 di patologia neonatale, un percorso in grado di prendersi cura di bambini fortemente prematuri (anche sotto i 500 grammi): &#8220;A quel punto &#8211; spiega la direttrice generale &#8211; chiederemo alla Regione il riconoscimento del Dea di II Livello&#8221;. Tra le novit\u00e0 work in progress l&#8217;ampliamento del pronto soccorso per la creazione di un vero e proprio percorso pediatrico 0-14 anni (una prima saletta era stata allestita grazie alla donazione dell&#8217;Associazione Alessia e i suoi Angeli), il trasferimento della Breast Unit, l&#8217;unit\u00e0 senologica multidisciplinare che negli ultimi dieci anni ha affrontato pi\u00f9 di un trasloco, che andr\u00e0 nella terza palazzina del Padiglione Porfiri dove sono in corso i lavori per riunire &#8211; ha spiegato la manager &#8211; &#8220;tutto il polo onco-ematologico&#8221;.<\/p>\n<p style=\"text-align: justify;\">Sul fronte dei servizi all&#8217;utenza in via di svolgimento i lavori per il <strong>nuovo Cup<\/strong> (prima al Porfiri oggi in una tensostruttura) che andr\u00e0 nell&#8217;edificio un tempo utilizzato dalla centrale operativa del 118. Nell&#8217;atrio dell&#8217;ospedale invece torner\u00e0 il bar.<\/p>\n<p style=\"text-align: justify;\">\u00abHo scelto l\u2019ospedale per la prima visita ufficiale di questo secondo mandato \u2013 ha commentato il Sindaco Coletta \u2013 sia per lanciare un segnale di attenzione verso il comparto sanitario, sia per sottolineare il sentimento di gratitudine che la comunit\u00e0 pontina prova nei confronti di medici, infermieri, operatori sanitari e di tutti coloro che si sono presi cura di noi in questo periodo storico cos\u00ec difficile. Faccio i complimenti alla Asl, alla dott.ssa Cavalli e alla Regione Lazio per l\u2019encomiabile lavoro che si sta svolgendo. Ho potuto apprezzare da vicino gli interventi in corso per l\u2019ultimazione dei lavori della terapia intensiva neonatale, la cui istituzione colmer\u00e0 un gap storico che ha visto fino ad oggi le nostre famiglie costrette a rivolgersi alle strutture ospedaliere romane perdendo un fattore tempo importante. Cos\u00ec come ho potuto apprezzare il progetto di ampliamento del pronto soccorso, i lavori al Cup, nel Padiglione Porfiri e nella Cardiologia, quest\u2019ultimo reparto vero e proprio fiore all\u2019occhiello visto che per numeri e qualit\u00e0 delle prestazioni si attesta tra i primi quattro d\u2019Italia. <strong>Abbiamo inoltre parlato del progetto della Regione per l\u2019istituzione delle quattro case di comunit\u00e0 e dell\u2019ospedale di comunit\u00e0<\/strong> previsti sul nostro territorio. Insieme all\u2019eccellenza dell\u2019alta diagnostica e grazie a questi ultimi interventi l\u2019offerta salir\u00e0 ancora di livello e la sanit\u00e0 continuer\u00e0 a essere un punto di forza del nostro territorio. Sar\u00e0 mia cura, inoltre, organizzare quanto prima un <strong>incontro con il Ministro della Salute Roberto Speranza<\/strong> per confrontarci sul tema del nuovo ospedale, un progetto indispensabile per il definitivo salto di qualit\u00e0 dell\u2019offerta sanitaria pubblica pontina\u00bb.<\/p>\n<div class=\"radio-posizionamento-telefono-in-articoli-dopo-il-contenuto-articolo radio-entity-placement\" id=\"radio-2915053829\"><div id=\"radio-4210430663\"><a href=\"https:\/\/www.simeoneceramiche.com\/\" aria-label=\"SIMEONE CERAMICHE GIF animata per radioluna_Tavola disegno 1 copia 2 (online-video-cutter.com)\"><img loading=\"lazy\" decoding=\"async\" src=\"https:\/\/www.radioluna.it\/news\/wp-content\/uploads\/2025\/05\/SIMEONE-CERAMICHE-GIF-animata-per-radioluna_Tavola-disegno-1-copia-2-online-video-cutter.com_.gif\" alt=\"\"  width=\"300\" height=\"250\"   \/><\/a><\/div><\/div>","protected":false},"excerpt":{"rendered":"<p>LATINA &#8211; Con l\u2019ultimazione dei lavori per la Terapia intensiva neonatale e Patologia neonatale, l\u2019ospedale Santa Maria Goretti di Latina sar\u00e0 pronto per diventare Dea di II Livello, riferimento per patologie complesse, acute e interventi ad elevata complessit\u00e0 per tutto il Basso Lazio. Se ne sente parlare da anni, ma oggi il traguardo \u00e8 a [&hellip;]<\/p>\n","protected":false},"author":62,"featured_media":300070,"comment_status":"open","ping_status":"open","sticky":false,"template":"","format":"standard","meta":{"footnotes":""},"categories":[7],"tags":[],"class_list":["post-300065","post","type-post","status-publish","format-standard","has-post-thumbnail","hentry","category-cronaca"],"_links":{"self":[{"href":"https:\/\/www.radioluna.it\/news\/wp-json\/wp\/v2\/posts\/300065","targetHints":{"allow":["GET"]}}],"collection":[{"href":"https:\/\/www.radioluna.it\/news\/wp-json\/wp\/v2\/posts"}],"about":[{"href":"https:\/\/www.radioluna.it\/news\/wp-json\/wp\/v2\/types\/post"}],"author":[{"embeddable":true,"href":"https:\/\/www.radioluna.it\/news\/wp-json\/wp\/v2\/users\/62"}],"replies":[{"embeddable":true,"href":"https:\/\/www.radioluna.it\/news\/wp-json\/wp\/v2\/comments?post=300065"}],"version-history":[{"count":0,"href":"https:\/\/www.radioluna.it\/news\/wp-json\/wp\/v2\/posts\/300065\/revisions"}],"wp:featuredmedia":[{"embeddable":true,"href":"https:\/\/www.radioluna.it\/news\/wp-json\/wp\/v2\/media\/300070"}],"wp:attachment":[{"href":"https:\/\/www.radioluna.it\/news\/wp-json\/wp\/v2\/media?parent=300065"}],"wp:term":[{"taxonomy":"category","embeddable":true,"href":"https:\/\/www.radioluna.it\/news\/wp-json\/wp\/v2\/categories?post=300065"},{"taxonomy":"post_tag","embeddable":true,"href":"https:\/\/www.radioluna.it\/news\/wp-json\/wp\/v2\/tags?post=300065"}],"curies":[{"name":"wp","href":"https:\/\/api.w.org\/{rel}","templated":true}]}}