{"id":300158,"date":"2021-10-29T11:13:45","date_gmt":"2021-10-29T09:13:45","guid":{"rendered":"https:\/\/www.radioluna.it\/news\/?p=300158"},"modified":"2021-10-29T11:22:02","modified_gmt":"2021-10-29T09:22:02","slug":"covid-46-nuovi-casi-e-un-decesso-a-latina","status":"publish","type":"post","link":"https:\/\/www.radioluna.it\/news\/2021\/10\/covid-46-nuovi-casi-e-un-decesso-a-latina\/","title":{"rendered":"Covid, 46 nuovi casi e un decesso a Latina"},"content":{"rendered":"<div id=\"fb-root\"><\/div>\n<p style=\"text-align: justify;\"><strong>LATINA &#8211; <\/strong>Sono 46 i nuovi casi di covid a Latina e provincia, si registra oggi anche il decesso di un paziente di Latina e due sono stati i nuovi ricoveri, in linea con il dato dei giorni precedenti. Nel Lazio salgono Rt e incidenza mentre resta nei parametri l&#8217;occupazione dei posti letto.<\/p>\n<p style=\"text-align: justify;\">&#8220;All&#8217;aumento dei casi si accompagna sempre un aumento delle ospedalizzazioni e dei casi gravi. Si tratta per larghissima parte di persone non vaccinate e quando, come sta accadendo in questo momento, tra queste troviamo anche ultra anziani, con et\u00e0 superiore agli 85 anni, che arrivano in ospedale e per noi questa \u00e8 una sconfitta. La malattia infatti si presenta in forma grave, noi abbiamo armi spuntate e il rischio di decesso \u00e8 elevatissimo&#8221;, sottolinea la professoressa Miriam Lichtner Direttrice della Uoc di Malattie Infettive del Goretti di Latina che proprio oggi\u00a0 coordina a Latina il convegno scientifico\u00a0 della Simit su &#8220;Il ruolo dell&#8217;infettivologo nelle pandemie emergenti e riemergenti: la realt\u00e0 laziale&#8221; , con esperti di tutta la Regione, in cui vengono messe a confronto anche le esperienze maturate durante la pandemia da Covid.<\/p>\n<p style=\"text-align: justify;\">COMUNE PER COMUNE &#8211; Quanto alla diffusione sul territorio \u00e8 di nuovo Aprilia il Comune pi\u00f9 colpito, tra link familiari e lavorativi, seguito da Latina che per il secondo giorno consecutivo conta 10 casi. Gli altri positivi sono stati registrati a Castelforte 1, Cisterna di Latina 4, Cori 2, Fondi 3, Formia 2, Monte San Biagio 1, Sezze 1, Sonnino 2 e Terracina 2.\u00a0 Le guarigioni\u00a0 accertate sono state 15.<\/p>\n<p>Le vaccinazioni nelle ultime 24 ore sono state 1.291 in risalita rispetto ai giorni precedenti.<\/p>\n<div class=\"radio-posizionamento-telefono-in-articoli-dopo-il-contenuto-articolo radio-entity-placement\" id=\"radio-393226357\"><div id=\"radio-1612331288\"><a href=\"https:\/\/www.simeoneceramiche.com\/\" aria-label=\"SIMEONE CERAMICHE GIF animata per radioluna_Tavola disegno 1 copia 2 (online-video-cutter.com)\"><img loading=\"lazy\" decoding=\"async\" src=\"https:\/\/www.radioluna.it\/news\/wp-content\/uploads\/2025\/05\/SIMEONE-CERAMICHE-GIF-animata-per-radioluna_Tavola-disegno-1-copia-2-online-video-cutter.com_.gif\" alt=\"\"  width=\"300\" height=\"250\"   \/><\/a><\/div><\/div>","protected":false},"excerpt":{"rendered":"<p>LATINA &#8211; Sono 46 i nuovi casi di covid a Latina e provincia, si registra oggi anche il decesso di un paziente di Latina e due sono stati i nuovi ricoveri, in linea con il dato dei giorni precedenti. Nel Lazio salgono Rt e incidenza mentre resta nei parametri l&#8217;occupazione dei posti letto. &#8220;All&#8217;aumento dei [&hellip;]<\/p>\n","protected":false},"author":62,"featured_media":294034,"comment_status":"open","ping_status":"open","sticky":false,"template":"","format":"standard","meta":{"footnotes":""},"categories":[2616],"tags":[5162,3673,2154],"class_list":["post-300158","post","type-post","status-publish","format-standard","has-post-thumbnail","hentry","category-sanita","tag-bollettino-covid-29-ottobre","tag-covid-latina","tag-notizie-di-latina"],"_links":{"self":[{"href":"https:\/\/www.radioluna.it\/news\/wp-json\/wp\/v2\/posts\/300158","targetHints":{"allow":["GET"]}}],"collection":[{"href":"https:\/\/www.radioluna.it\/news\/wp-json\/wp\/v2\/posts"}],"about":[{"href":"https:\/\/www.radioluna.it\/news\/wp-json\/wp\/v2\/types\/post"}],"author":[{"embeddable":true,"href":"https:\/\/www.radioluna.it\/news\/wp-json\/wp\/v2\/users\/62"}],"replies":[{"embeddable":true,"href":"https:\/\/www.radioluna.it\/news\/wp-json\/wp\/v2\/comments?post=300158"}],"version-history":[{"count":0,"href":"https:\/\/www.radioluna.it\/news\/wp-json\/wp\/v2\/posts\/300158\/revisions"}],"wp:featuredmedia":[{"embeddable":true,"href":"https:\/\/www.radioluna.it\/news\/wp-json\/wp\/v2\/media\/294034"}],"wp:attachment":[{"href":"https:\/\/www.radioluna.it\/news\/wp-json\/wp\/v2\/media?parent=300158"}],"wp:term":[{"taxonomy":"category","embeddable":true,"href":"https:\/\/www.radioluna.it\/news\/wp-json\/wp\/v2\/categories?post=300158"},{"taxonomy":"post_tag","embeddable":true,"href":"https:\/\/www.radioluna.it\/news\/wp-json\/wp\/v2\/tags?post=300158"}],"curies":[{"name":"wp","href":"https:\/\/api.w.org\/{rel}","templated":true}]}}