{"id":300542,"date":"2021-11-07T10:00:36","date_gmt":"2021-11-07T09:00:36","guid":{"rendered":"https:\/\/www.radioluna.it\/news\/?p=300542"},"modified":"2021-11-07T11:17:16","modified_gmt":"2021-11-07T10:17:16","slug":"covid-allarme-a-latina-e-provincia-139-casi-e-un-decesso-in-due-giorni","status":"publish","type":"post","link":"https:\/\/www.radioluna.it\/news\/2021\/11\/covid-allarme-a-latina-e-provincia-139-casi-e-un-decesso-in-due-giorni\/","title":{"rendered":"Covid, allarme a Latina e provincia, 139 casi e un decesso in due giorni"},"content":{"rendered":"<div id=\"fb-root\"><\/div>\n<p style=\"text-align: justify;\"><strong>LATINA<\/strong> &#8211; Il covid\u00a0 139 contagi, un decesso e quattro nuovi ricoveri sono il bilancio delle ultime 48 ore a Latina e provincia, con Aprilia che continua a guidare la classifica dei comuni con pi\u00f9 casi, circa un quarto dei totali emergono proprio nella citt\u00e0 del nord pontino.<\/p>\n<p style=\"text-align: justify;\">\u201cI numeri della pandemia registrati negli ultimi giorni nel nostro territorio ci indicano che la sfida con il virus \u00e8 ancora aperta &#8211; sottolinea la direttrice generale della Asl di\u00a0 Latina Silvia Cavalli &#8211; bisogna, pertanto, mantenere un alto livello di attenzione, a partire dalle misure precauzionali e per coloro che non l\u2019hanno ancora fatto, aderire alla campagna vaccinale anti Covid-19. Vaccinarsi \u00e8 una opzione etica che non riguarda solo se stessi in quanto responsabilit\u00e0 collettiva&#8221;.<br \/>\nL&#8217;invito a vaccinarsi con la terza dose \u00e8 rivolto agli over 80, al personale e ospiti delle strutture residenziali per anziani, agli operatori sanitari e personale operante in strutture ad attivit\u00e0 socio-assistenziale, persone con elevata fragilit\u00e0 di et\u00e0 maggiore a 18 anni e over 60 anni.<br \/>\n&#8220;Indipendentemente dal vaccino utilizzato per il ciclo primario &#8211; comunicano in una nota dalla Asl di Latina &#8211; verr\u00e0 utilizzata come dose di richiamo un vaccino a mRna Comirnaty ovvero Pfizer\/BioNTech oppure Spikevax Moderna&#8221;.<\/p>\n<p style=\"text-align: justify;\">\u00c8 possibile vaccinarsi, con tessera sanitaria, presso i medici di famiglia (che potranno contestualmente somministrare anche il vaccino antinfluenzale), le farmacie o i punti di somministrazione attraverso la piattaforma di prenotazione.<\/p>\n","protected":false},"excerpt":{"rendered":"<p>LATINA &#8211; Il covid\u00a0 139 contagi, un decesso e quattro nuovi ricoveri sono il bilancio delle ultime 48 ore a Latina e provincia, con Aprilia che continua a guidare la classifica dei comuni con pi\u00f9 casi, circa un quarto dei totali emergono proprio nella citt\u00e0 del nord pontino. \u201cI numeri della pandemia registrati negli ultimi [&hellip;]<\/p>\n","protected":false},"author":62,"featured_media":291443,"comment_status":"open","ping_status":"open","sticky":false,"template":"","format":"standard","meta":{"footnotes":""},"categories":[2616],"tags":[],"class_list":["post-300542","post","type-post","status-publish","format-standard","has-post-thumbnail","hentry","category-sanita"],"_links":{"self":[{"href":"https:\/\/www.radioluna.it\/news\/wp-json\/wp\/v2\/posts\/300542","targetHints":{"allow":["GET"]}}],"collection":[{"href":"https:\/\/www.radioluna.it\/news\/wp-json\/wp\/v2\/posts"}],"about":[{"href":"https:\/\/www.radioluna.it\/news\/wp-json\/wp\/v2\/types\/post"}],"author":[{"embeddable":true,"href":"https:\/\/www.radioluna.it\/news\/wp-json\/wp\/v2\/users\/62"}],"replies":[{"embeddable":true,"href":"https:\/\/www.radioluna.it\/news\/wp-json\/wp\/v2\/comments?post=300542"}],"version-history":[{"count":0,"href":"https:\/\/www.radioluna.it\/news\/wp-json\/wp\/v2\/posts\/300542\/revisions"}],"wp:featuredmedia":[{"embeddable":true,"href":"https:\/\/www.radioluna.it\/news\/wp-json\/wp\/v2\/media\/291443"}],"wp:attachment":[{"href":"https:\/\/www.radioluna.it\/news\/wp-json\/wp\/v2\/media?parent=300542"}],"wp:term":[{"taxonomy":"category","embeddable":true,"href":"https:\/\/www.radioluna.it\/news\/wp-json\/wp\/v2\/categories?post=300542"},{"taxonomy":"post_tag","embeddable":true,"href":"https:\/\/www.radioluna.it\/news\/wp-json\/wp\/v2\/tags?post=300542"}],"curies":[{"name":"wp","href":"https:\/\/api.w.org\/{rel}","templated":true}]}}