{"id":300664,"date":"2021-11-09T16:16:59","date_gmt":"2021-11-09T15:16:59","guid":{"rendered":"https:\/\/www.radioluna.it\/news\/?p=300664"},"modified":"2021-11-11T08:09:00","modified_gmt":"2021-11-11T07:09:00","slug":"unanimita-su-raimondo-tiero-eletto-presidente-del-consiglio-comunale-di-latina","status":"publish","type":"post","link":"https:\/\/www.radioluna.it\/news\/2021\/11\/unanimita-su-raimondo-tiero-eletto-presidente-del-consiglio-comunale-di-latina\/","title":{"rendered":"Unanimit\u00e0 su Raimondo Tiero: eletto presidente del consiglio comunale di Latina"},"content":{"rendered":"<div id=\"fb-root\"><\/div>\n<p style=\"text-align: justify;\"><strong>LATINA &#8211; <\/strong>E\u2019 Raimondo Tiero di Fratelli d\u2019Italia il presidente del nuovo consiglio comunale di Latina eletto all\u2019unanimit\u00e0 alla seconda votazione. La prima era stata una &#8220;conta&#8221; dalla quale sono uscite 14 schede bianche, esattamente quanti i consiglieri di minoranza, e 18 con il nome del candidato (una in meno della maggioranza di centrodestra per assenza giustificata della consigliera Patrizia Fanti).<\/p>\n<p style=\"text-align: justify;\">Il neo eletto Presidente che era gi\u00e0 seduto sulla scranno pi\u00f9 alto in quanto consigliere anziano (il pi\u00f9 votato) ha ringraziato i presenti e si \u00e8 detto emozionato e onorato per la fiducia: &#8220;Cercher\u00f2 di svolgere il mio ruolo in maniera corretta e imparziale&#8221;, ha detto quando la tensione ha ceduto il passo alla soddisfazione per aver ottenuto l&#8217;alto ruolo istituzionale. Nell&#8217;audio le sue prime parole.<\/p>\n<audio class=\"wp-audio-shortcode\" id=\"audio-300664-1\" preload=\"none\" style=\"width: 100%;\" controls=\"controls\"><source type=\"audio\/mpeg\" src=\"https:\/\/www.radioluna.it\/news\/wp-content\/uploads\/2021\/11\/tiero-eletto-presidente.mp3?_=1\" \/><a href=\"https:\/\/www.radioluna.it\/news\/wp-content\/uploads\/2021\/11\/tiero-eletto-presidente.mp3\">https:\/\/www.radioluna.it\/news\/wp-content\/uploads\/2021\/11\/tiero-eletto-presidente.mp3<\/a><\/audio>\n<p style=\"text-align: justify;\">Ha espresso soddisfazione anche il sindaco di Latina Damiano Coletta che complimentandosi con Tiero e con il suo predecessore Massimiliano Colazingari\u00a0 ha voluto leggere nell&#8217;unanimit\u00e0 di oggi un segnale positivo<\/p>\n<audio class=\"wp-audio-shortcode\" id=\"audio-300664-2\" preload=\"none\" style=\"width: 100%;\" controls=\"controls\"><source type=\"audio\/mpeg\" src=\"https:\/\/www.radioluna.it\/news\/wp-content\/uploads\/2021\/11\/coletta-su-elezione-tiero.mp3?_=2\" \/><a href=\"https:\/\/www.radioluna.it\/news\/wp-content\/uploads\/2021\/11\/coletta-su-elezione-tiero.mp3\">https:\/\/www.radioluna.it\/news\/wp-content\/uploads\/2021\/11\/coletta-su-elezione-tiero.mp3<\/a><\/audio>\n<p>La votazione a scrutinio segreto ha visto i gruppi consiliari accordarsi per esprimere un voto &#8220;intellegibile&#8221;, divisi tra chi ha votato Raimondo Tiero, chi ha scritto sulla scheda, Tiero Raimondo\u00a0 detto Remo, chi R. Tiero , per chiudere con Raimondi Tiero.<\/p>\n<p>Vicepresidenti del consiglio sono Giuseppe Coluzzi di Forza Italia e Gianmarco Proietti di Latina Bene Comune.<\/p>\n<p style=\"text-align: justify;\">I partiti di centrodestra, oggi maggioranza, siedono alla destra del sindaco, a sinistra i rappresentanti delle liste civiche e dei partiti di centro sinistra. I capigruppo designati sono Matilde Celentano di Fratelli D&#8217;Italia (il gruppo pi\u00f9 corposo con cinque consiglieri), Massimiliano Carnevale per la Lega, Giuseppe Coluzzi per Forza Italia, Dino Iavarone per Latina nel Cuore, Valeria Campagna per Lbc, Enzo De Amicis per il Pd, Massimiliano Colazingari per la lista Latina 2032, Francesco Pannone per la Lista Riguarda Latina, Gianluca Bono per il Movimento Cinquestelle e Annalisa Muzio per Fare Latina.<\/p>\n","protected":false},"excerpt":{"rendered":"<p>LATINA &#8211; E\u2019 Raimondo Tiero di Fratelli d\u2019Italia il presidente del nuovo consiglio comunale di Latina eletto all\u2019unanimit\u00e0 alla seconda votazione. La prima era stata una &#8220;conta&#8221; dalla quale sono uscite 14 schede bianche, esattamente quanti i consiglieri di minoranza, e 18 con il nome del candidato (una in meno della maggioranza di centrodestra per [&hellip;]<\/p>\n","protected":false},"author":62,"featured_media":300671,"comment_status":"open","ping_status":"open","sticky":false,"template":"","format":"standard","meta":{"footnotes":""},"categories":[2310,8],"tags":[],"class_list":["post-300664","post","type-post","status-publish","format-standard","has-post-thumbnail","hentry","category-audio","category-politica"],"_links":{"self":[{"href":"https:\/\/www.radioluna.it\/news\/wp-json\/wp\/v2\/posts\/300664","targetHints":{"allow":["GET"]}}],"collection":[{"href":"https:\/\/www.radioluna.it\/news\/wp-json\/wp\/v2\/posts"}],"about":[{"href":"https:\/\/www.radioluna.it\/news\/wp-json\/wp\/v2\/types\/post"}],"author":[{"embeddable":true,"href":"https:\/\/www.radioluna.it\/news\/wp-json\/wp\/v2\/users\/62"}],"replies":[{"embeddable":true,"href":"https:\/\/www.radioluna.it\/news\/wp-json\/wp\/v2\/comments?post=300664"}],"version-history":[{"count":0,"href":"https:\/\/www.radioluna.it\/news\/wp-json\/wp\/v2\/posts\/300664\/revisions"}],"wp:featuredmedia":[{"embeddable":true,"href":"https:\/\/www.radioluna.it\/news\/wp-json\/wp\/v2\/media\/300671"}],"wp:attachment":[{"href":"https:\/\/www.radioluna.it\/news\/wp-json\/wp\/v2\/media?parent=300664"}],"wp:term":[{"taxonomy":"category","embeddable":true,"href":"https:\/\/www.radioluna.it\/news\/wp-json\/wp\/v2\/categories?post=300664"},{"taxonomy":"post_tag","embeddable":true,"href":"https:\/\/www.radioluna.it\/news\/wp-json\/wp\/v2\/tags?post=300664"}],"curies":[{"name":"wp","href":"https:\/\/api.w.org\/{rel}","templated":true}]}}