{"id":301134,"date":"2021-11-17T11:46:59","date_gmt":"2021-11-17T10:46:59","guid":{"rendered":"https:\/\/www.radioluna.it\/news\/?p=301134"},"modified":"2021-11-20T13:41:09","modified_gmt":"2021-11-20T12:41:09","slug":"a-fondi-il-civico-giusto-storici-sulle-tracce-delle-residenze-che-hanno-protetto-partigiani-ed-ebrei","status":"publish","type":"post","link":"https:\/\/www.radioluna.it\/news\/2021\/11\/a-fondi-il-civico-giusto-storici-sulle-tracce-delle-residenze-che-hanno-protetto-partigiani-ed-ebrei\/","title":{"rendered":"A Fondi &#8221;Il civico giusto&#8221;: storici sulle tracce delle residenze che hanno protetto partigiani ed ebrei"},"content":{"rendered":"<div id=\"fb-root\"><\/div>\n<p style=\"text-align: justify;\"><strong>FONDI &#8211;<\/strong> Ha toccato anche Fondi il progetto &#8220;Il civico giusto&#8221; che ha come obiettivo la riscoperta delle storie di chi ha nascosto, anche per mesi, ebrei, partigiani o ricercati politici senza chiedere o ricevere nulla in cambio. Partita da Roma, la ricerca \u00e8 arrivata infatti dove lo scrittore Alberto Moravia, di origini ebraiche per parte di padre, si rifugi\u00f2 tra il 1943 e il 1944.<\/p>\n<p style=\"text-align: justify;\">Era stata la famiglia Mosillo, per il tramite di Libero de Libero, ad ospitare nella casa di campagna Moravia ed Elsa Morante e oggi ha offerto ai responsabili del progetto le memorie della famiglia, in particolare i vari episodi raccontati da Augusto Mosillo ai propri nipoti. L&#8217;idea \u00e8 di affiggere il\u00a0 &#8220;civico giusto&#8221; davanti alla casa fondana e se l&#8217;assegnazione del riconoscimento si concretizzer\u00e0, grazie a un QR code, la narrazione sar\u00e0 disponibile per tutti.<\/p>\n<p style=\"text-align: justify;\">&#8220;L&#8217;augurio, da parte della famiglia, \u00e8 di restituire un ricordo il pi\u00f9 possibile onesto e articolato di un passato che sia fruibile non solo dalle persone direttamente coinvolte ma dall&#8217;intera comunit\u00e0&#8221;, si legge in una nota del Comune che ha accolto con entusiasmo la visita. In particolare il indaco Beniamino Maschietto e l\u2019assessore alla Cultura Vincenzo Carnevale hanno spiegato che &#8220;non appena il lavoro di riscoperta delle storie sar\u00e0 ultimato sar\u00e0 patrocinato e condiviso con la comunit\u00e0 in un&#8217;ottica di valorizzazione della ricchissima storia della citt\u00e0 di Fondi&#8221;.<\/p>\n<div class=\"radio-posizionamento-telefono-in-articoli-dopo-il-contenuto-articolo radio-entity-placement\" id=\"radio-1299287018\"><div id=\"radio-1658069429\"><a href=\"https:\/\/grupporedi.it\/\" aria-label=\"Redi-Qr\"><img loading=\"lazy\" decoding=\"async\" src=\"https:\/\/www.radioluna.it\/news\/wp-content\/uploads\/2026\/03\/Redi-Qr.jpg\" alt=\"\"  srcset=\"https:\/\/www.radioluna.it\/news\/wp-content\/uploads\/2026\/03\/Redi-Qr.jpg 800w, https:\/\/www.radioluna.it\/news\/wp-content\/uploads\/2026\/03\/Redi-Qr-768x639.jpg 768w\" sizes=\"(max-width: 800px) 100vw, 800px\" width=\"300\" height=\"250\"   \/><\/a><\/div><\/div>","protected":false},"excerpt":{"rendered":"<p>FONDI &#8211; Ha toccato anche Fondi il progetto &#8220;Il civico giusto&#8221; che ha come obiettivo la riscoperta delle storie di chi ha nascosto, anche per mesi, ebrei, partigiani o ricercati politici senza chiedere o ricevere nulla in cambio. Partita da Roma, la ricerca \u00e8 arrivata infatti dove lo scrittore Alberto Moravia, di origini ebraiche per [&hellip;]<\/p>\n","protected":false},"author":62,"featured_media":301135,"comment_status":"open","ping_status":"open","sticky":false,"template":"","format":"standard","meta":{"footnotes":""},"categories":[735],"tags":[],"class_list":["post-301134","post","type-post","status-publish","format-standard","has-post-thumbnail","hentry","category-attualita"],"_links":{"self":[{"href":"https:\/\/www.radioluna.it\/news\/wp-json\/wp\/v2\/posts\/301134","targetHints":{"allow":["GET"]}}],"collection":[{"href":"https:\/\/www.radioluna.it\/news\/wp-json\/wp\/v2\/posts"}],"about":[{"href":"https:\/\/www.radioluna.it\/news\/wp-json\/wp\/v2\/types\/post"}],"author":[{"embeddable":true,"href":"https:\/\/www.radioluna.it\/news\/wp-json\/wp\/v2\/users\/62"}],"replies":[{"embeddable":true,"href":"https:\/\/www.radioluna.it\/news\/wp-json\/wp\/v2\/comments?post=301134"}],"version-history":[{"count":0,"href":"https:\/\/www.radioluna.it\/news\/wp-json\/wp\/v2\/posts\/301134\/revisions"}],"wp:featuredmedia":[{"embeddable":true,"href":"https:\/\/www.radioluna.it\/news\/wp-json\/wp\/v2\/media\/301135"}],"wp:attachment":[{"href":"https:\/\/www.radioluna.it\/news\/wp-json\/wp\/v2\/media?parent=301134"}],"wp:term":[{"taxonomy":"category","embeddable":true,"href":"https:\/\/www.radioluna.it\/news\/wp-json\/wp\/v2\/categories?post=301134"},{"taxonomy":"post_tag","embeddable":true,"href":"https:\/\/www.radioluna.it\/news\/wp-json\/wp\/v2\/tags?post=301134"}],"curies":[{"name":"wp","href":"https:\/\/api.w.org\/{rel}","templated":true}]}}