{"id":301212,"date":"2021-11-18T14:37:51","date_gmt":"2021-11-18T13:37:51","guid":{"rendered":"https:\/\/www.radioluna.it\/news\/?p=301212"},"modified":"2021-11-18T18:07:13","modified_gmt":"2021-11-18T17:07:13","slug":"a-latina-certificati-anagrafici-anche-dal-tabaccaio-e-con-lo-spid-si-puo-fare-da-soli","status":"publish","type":"post","link":"https:\/\/www.radioluna.it\/news\/2021\/11\/a-latina-certificati-anagrafici-anche-dal-tabaccaio-e-con-lo-spid-si-puo-fare-da-soli\/","title":{"rendered":"A Latina certificati anagrafici anche dal tabaccaio. E con lo Spid si pu\u00f2 fare da soli"},"content":{"rendered":"<div id=\"fb-root\"><\/div>\n<p style=\"text-align: justify;\"><strong>LATINA &#8211;<\/strong> A Latina \u00e8 possibile ottenere un certificato anagrafico andando in tabaccheria, oltre che scaricarlo da soli se si possiede un&#8217;identit\u00e0 digitale. E&#8217; stato infatti firmato ed \u00e8 operativo da oggi l&#8217;accordo tra Comune e Fit (Federazione Italiana Tabaccai), mentre da qualche giorno \u00e8 operativo per Latina il servizio dell\u2019Anagrafe nazionale della popolazione residente, grazie al quale \u00e8 possibile ottenere i certificati anagrafici online in maniera autonoma e gratuita, accedendo con la propria identit\u00e0 digitale alla piattaforma: www.anagrafenazionale.interno.it.<\/p>\n<p style=\"text-align: justify;\">Sono 15 al momento le ricevitorie che hanno aderito in via sperimentale (qui l\u2019elenco completo: <a href=\"https:\/\/bit.ly\/tabaccherie-attive\">https:\/\/bit.ly\/tabaccherie-attive<\/a>) e per ogni operazione di rilascio dei certificati, il costo \u00e8 di 2 euro IVA compresa. A breve, in una seconda fase, l\u2019adesione al progetto potr\u00e0 essere estesa a tutte le tabaccherie associate FIT e quindi il numero dei punti vendita convenzionato sul territorio comunale aumenter\u00e0 diventando una grande rete civica al servizio dei cittadini.<\/p>\n<p style=\"text-align: justify;\">Il servizio \u00e8 stato visionato nella rivendita di Via della Stazione 184 dal Sindaco Damiano Coletta e dal Presidente provinciale della Federazione Italiana Tabaccai Michele Fiaschi. \u00abFacciamo un ulteriore passo in avanti per accorciare le distanze tra l\u2019Ente, le cittadine e i cittadini \u2013 ha commentato il Sindaco Coletta \u2013 consentendo loro di usufruire di un servizio pubblico come quello dell\u2019anagrafe senza dover necessariamente raggiungere gli uffici comunali ma recandosi comodamente alla tabaccheria pi\u00f9 vicina a casa. Fornire servizi sempre pi\u00f9 smart alla cittadinanza continua ad essere una delle priorit\u00e0 del Comune di Latina\u00bb. \u00abSiamo davvero soddisfatti di poter collaborare con le istituzioni \u2013 ha dichiarato Michele Fiaschi, Presidente provinciale della Federazione Italiana Tabaccai \u2013 affinch\u00e9 le nostre attivit\u00e0 possano essere vicine ai cittadini, agevolandoli nelle loro incombenze quotidiane e svolgendo cos\u00ec anche una funzione di servizi. La nostra categoria ha subito ben<br \/>\nrisposto a questo nuovo progetto e presto altre tabaccherie vi aderiranno\u00bb.<\/p>\n<p style=\"text-align: justify;\">Di seguito i certificati che saranno rilasciati dalle tabaccherie:<br \/>\n\u2022 anagrafico di nascita<br \/>\n\u2022 anagrafico di morte<br \/>\n\u2022 anagrafico di matrimonio<br \/>\n\u2022 di cittadinanza<br \/>\n\u2022 di esistenza in vita<br \/>\n\u2022 di residenza<br \/>\n\u2022 di stato civile<br \/>\n\u2022 di stato di famiglia<br \/>\n\u2022 di stato di famiglia e di stato civile<br \/>\n\u2022 di residenza in convivenza<br \/>\n\u2022 di stato di famiglia Aire<br \/>\n\u2022 di stato libero<br \/>\n\u2022 anagrafico di unione civile<br \/>\n\u2022 di convivenza<\/p>\n<div class=\"radio-posizionamento-telefono-in-articoli-dopo-il-contenuto-articolo radio-entity-placement\" id=\"radio-1473284696\"><div id=\"radio-322996259\" style=\"width: 300px;height: 250px;\"><a href=\"https:\/\/www.icarspa.it\/auto\/usate\/latina\/\" aria-label=\"banner aprile icar new life &#8211; auto usate latina\"><img loading=\"lazy\" decoding=\"async\" src=\"https:\/\/www.radioluna.it\/news\/wp-content\/uploads\/2026\/02\/banner-aprile-icar-new-life-auto-usate-latina.gif\" alt=\"\"  width=\"300\" height=\"250\"   \/><\/a><\/div><\/div>","protected":false},"excerpt":{"rendered":"<p>LATINA &#8211; A Latina \u00e8 possibile ottenere un certificato anagrafico andando in tabaccheria, oltre che scaricarlo da soli se si possiede un&#8217;identit\u00e0 digitale. E&#8217; stato infatti firmato ed \u00e8 operativo da oggi l&#8217;accordo tra Comune e Fit (Federazione Italiana Tabaccai), mentre da qualche giorno \u00e8 operativo per Latina il servizio dell\u2019Anagrafe nazionale della popolazione residente, [&hellip;]<\/p>\n","protected":false},"author":62,"featured_media":301213,"comment_status":"open","ping_status":"open","sticky":false,"template":"","format":"standard","meta":{"footnotes":""},"categories":[735,2403],"tags":[],"class_list":["post-301212","post","type-post","status-publish","format-standard","has-post-thumbnail","hentry","category-attualita","category-le-cose-in-comune"],"_links":{"self":[{"href":"https:\/\/www.radioluna.it\/news\/wp-json\/wp\/v2\/posts\/301212","targetHints":{"allow":["GET"]}}],"collection":[{"href":"https:\/\/www.radioluna.it\/news\/wp-json\/wp\/v2\/posts"}],"about":[{"href":"https:\/\/www.radioluna.it\/news\/wp-json\/wp\/v2\/types\/post"}],"author":[{"embeddable":true,"href":"https:\/\/www.radioluna.it\/news\/wp-json\/wp\/v2\/users\/62"}],"replies":[{"embeddable":true,"href":"https:\/\/www.radioluna.it\/news\/wp-json\/wp\/v2\/comments?post=301212"}],"version-history":[{"count":0,"href":"https:\/\/www.radioluna.it\/news\/wp-json\/wp\/v2\/posts\/301212\/revisions"}],"wp:featuredmedia":[{"embeddable":true,"href":"https:\/\/www.radioluna.it\/news\/wp-json\/wp\/v2\/media\/301213"}],"wp:attachment":[{"href":"https:\/\/www.radioluna.it\/news\/wp-json\/wp\/v2\/media?parent=301212"}],"wp:term":[{"taxonomy":"category","embeddable":true,"href":"https:\/\/www.radioluna.it\/news\/wp-json\/wp\/v2\/categories?post=301212"},{"taxonomy":"post_tag","embeddable":true,"href":"https:\/\/www.radioluna.it\/news\/wp-json\/wp\/v2\/tags?post=301212"}],"curies":[{"name":"wp","href":"https:\/\/api.w.org\/{rel}","templated":true}]}}